{"provider_url": "https://acervo.praiagrande.sp.leg.br", "title": "Sess\u00f5es Plen\u00e1rias de 2018", "html": "<p>\u00a0</p>\r\n<table class=\"plain\">\r\n<tbody>\r\n<tr><th>Data</th><th>Sess\u00e3o</th></tr>\r\n<tr>\r\n<td>\r\n<h3>11/12/2018</h3>\r\n</td>\r\n<td>\r\n<h3>40\u00aa Sess\u00e3o Ordin\u00e1ria</h3>\r\n</td>\r\n</tr>\r\n<tr>\r\n<td>\r\n<h3>04/12/2018</h3>\r\n</td>\r\n<td>\r\n<h3>39\u00aa Sess\u00e3o Ordin\u00e1ria</h3>\r\n</td>\r\n</tr>\r\n<tr>\r\n<td>\r\n<h3>27/11/2018</h3>\r\n</td>\r\n<td>\r\n<h3>38\u00aa Sess\u00e3o Ordin\u00e1ria</h3>\r\n</td>\r\n</tr>\r\n<tr>\r\n<td>\r\n<h3>20/11/2018</h3>\r\n</td>\r\n<td>\r\n<h3><span class=\"visualHighlight\"><a title=\"\" href=\"https://acervo.praiagrande.sp.leg.br/institucional/resumo-das-sessoes/sessoes-2018-1/37-a-sessao-ordinaria\" class=\"internal-link\" target=\"_self\">37.\u00aa Sess\u00e3o Ordin\u00e1ria</a></span></h3>\r\n</td>\r\n</tr>\r\n<tr>\r\n<td>\r\n<h3>13/11/2018</h3>\r\n</td>\r\n<td>\r\n<h3>36.\u00aa Sess\u00e3o Ordin\u00e1ria</h3>\r\n</td>\r\n</tr>\r\n<tr>\r\n<td>\r\n<h3>06/11/2018</h3>\r\n</td>\r\n<td>\r\n<h3><span class=\"visualHighlight\"><a title=\"\" href=\"https://acervo.praiagrande.sp.leg.br/institucional/resumo-das-sessoes/sessoes-2018-1/35-a-sessao-ordinaria-06-11-2018\" class=\"internal-link\" target=\"_self\">35.\u00aa Sess\u00e3o Ordin\u00e1ria</a></span></h3>\r\n</td>\r\n</tr>\r\n<tr>\r\n<td>\r\n<h3>30/10/2018</h3>\r\n</td>\r\n<td>\r\n<h3>34.\u00aa Sess\u00e3o Ordin\u00e1ria</h3>\r\n</td>\r\n</tr>\r\n<tr>\r\n<td>\r\n<h3>23/10/2018</h3>\r\n</td>\r\n<td>\r\n<h3><span class=\"visualHighlight\"><a title=\"\" href=\"https://acervo.praiagrande.sp.leg.br/institucional/resumo-das-sessoes/sessoes-2018-1/33-a-sessao-ordinaria-23-10-2018\" class=\"internal-link\" target=\"_self\">33.\u00aa Sess\u00e3o Ordin\u00e1ria</a></span></h3>\r\n</td>\r\n</tr>\r\n<tr>\r\n<td>\r\n<h3>16/10/2018</h3>\r\n</td>\r\n<td>\r\n<h3><span class=\"visualHighlight\"><a title=\"\" href=\"https://acervo.praiagrande.sp.leg.br/institucional/resumo-das-sessoes/sessoes-2018-1/32-a-sessao-ordinaria-16-10-2018\" class=\"internal-link\" target=\"_self\">32.\u00aa Sess\u00e3o Ordin\u00e1ria</a></span></h3>\r\n</td>\r\n</tr>\r\n<tr>\r\n<td>\r\n<h3>09/10/2018</h3>\r\n</td>\r\n<td>\r\n<h3><span class=\"visualHighlight\"><a title=\"\" href=\"https://acervo.praiagrande.sp.leg.br/institucional/resumo-das-sessoes/sessoes-2018-1/copy_of_copia-de-resumo\" class=\"internal-link\" target=\"_self\">31.\u00aa Sess\u00e3o Ordin\u00e1ria</a></span></h3>\r\n</td>\r\n</tr>\r\n<tr>\r\n<td>\r\n<h3>02/10/2018</h3>\r\n</td>\r\n<td>\r\n<h3><span class=\"visualHighlight\"><a title=\"\" href=\"https://acervo.praiagrande.sp.leg.br/institucional/resumo-das-sessoes/sessoes-2018-1/copy2_of_copia-de-resumo\" class=\"internal-link\" target=\"_self\">30.\u00aa Sess\u00e3o Ordin\u00e1ria</a></span></h3>\r\n</td>\r\n</tr>\r\n<tr>\r\n<td>\r\n<h3>25/09/2018</h3>\r\n</td>\r\n<td>\r\n<h3><span class=\"visualHighlight\"><a title=\"\" href=\"https://acervo.praiagrande.sp.leg.br/institucional/resumo-das-sessoes/sessoes-2018-1/copy3_of_copia-de-resumo\" class=\"internal-link\" target=\"_self\">29.\u00aa Sess\u00e3o Ordin\u00e1ria</a></span></h3>\r\n</td>\r\n</tr>\r\n<tr>\r\n<td>\r\n<h3>18/09/2018</h3>\r\n</td>\r\n<td>\r\n<h3><span class=\"visualHighlight\"><a title=\"\" href=\"https://acervo.praiagrande.sp.leg.br/institucional/resumo-das-sessoes/sessoes-2018-1/copy4_of_copia-de-resumo\" class=\"internal-link\" target=\"_self\">28.\u00aa Sess\u00e3o Ordin\u00e1ria</a></span></h3>\r\n</td>\r\n</tr>\r\n<tr>\r\n<td>\r\n<h3>11/09/2018</h3>\r\n</td>\r\n<td>\r\n<h3>27.\u00aa Sess\u00e3o Ordin\u00e1ria</h3>\r\n</td>\r\n</tr>\r\n<tr>\r\n<td>\r\n<h3>04/09/2018</h3>\r\n</td>\r\n<td>\r\n<h3>26.\u00aa Sess\u00e3o Ordin\u00e1ria</h3>\r\n</td>\r\n</tr>\r\n</tbody>\r\n</table>", "author_name": "adm", "version": "1.0", "author_url": "https://acervo.praiagrande.sp.leg.br/author/adm", "provider_name": "C\u00e2mara Municipal da Est\u00e2ncia Balne\u00e1ria de Praia Grande", "type": "rich"}