{"provider_url": "https://acervo.praiagrande.sp.leg.br", "title": "VEREADORES RECEBEM DEMANDAS DE PCD\u2019S", "html": "<p>Os vereadores de Praia Grande receberam na tarde de hoje (30/10), no Plen\u00e1rio da C\u00e2mara Municipal, pessoas portadoras de defici\u00eancias para ouvir suas reivindica\u00e7\u00f5es no que diz respeito \u00e0s quest\u00f5es de acessibilidade no Munic\u00edpio.</p>\r\n<p>Dentre as principais demandas apresentadas, o grupo apontou melhorias a serem realizadas no Centro Especializado em Reabilita\u00e7\u00e3o (CER) Joana Imparatto, como amplia\u00e7\u00e3o do espa\u00e7o f\u00edsico, aquisi\u00e7\u00e3o de equipamentos mais modernos e paradas de \u00f4nibus mais pr\u00f3ximas e acess\u00edveis.</p>\r\n<p>Cria\u00e7\u00e3o de uma oficina ortop\u00e9dica, farm\u00e1cia de alto custo e acessibilidade arquitet\u00f4nica de academias de sa\u00fade, PIC\u2019s (Programas de Integra\u00e7\u00e3o e Cidadania) e CAFE\u2019s (Centro de Apoio \u00e0 Fam\u00edlia do Educando) tamb\u00e9m fizeram parte da pauta de reivindica\u00e7\u00f5es.</p>\r\n<p>Mas uma das principais queixas trazidas pelos PCD\u2019s diz respeito quanto ao transporte, tanto municipal quanto intermunicipal. Adequa\u00e7\u00f5es nas plataformas dos ve\u00edculos, aten\u00e7\u00e3o \u00e0s solicita\u00e7\u00f5es de embarque e desembarque e, principalmente, um tratamento mais humanizado por parte dos motoristas foram apontados como pontos determinantes a serem solucionados.</p>\r\n<p>O l\u00edder do governo na C\u00e2mara, vereador Betinho Andrade, reconheceu a import\u00e2ncia dos pedidos e apontou os avan\u00e7os que Praia Grande conquistou na \u00e1rea, como a cria\u00e7\u00e3o, em setembro deste ano, da Procuradoria da Pessoa com Defici\u00eancia.</p>\r\n<p>Betinho, um dos procuradores adjuntos, ao lado do vereador Marcos Camara, tamb\u00e9m prop\u00f4s recorrer ao Comped (Conselho Municipal da Pessoa Com Defici\u00eancia) para encontrar solu\u00e7\u00f5es.</p>\r\n<p>A vereadora Vera Ben\u00edcio, vice-presidente da C\u00e2mara, Procuradora da Pessoa com Defici\u00eancia e autora do Projeto de Resolu\u00e7\u00e3o que criou o \u00f3rg\u00e3o, firmou o compromisso de convocar representantes das secretarias envolvidas para tratar das quest\u00f5es que envolvem os PCD\u2019s. \u201cNossa cidade est\u00e1 sendo a cada dia mais procurada por conta dos servi\u00e7os que proporciona. Sempre pode faltar alguma coisa, mas acessibilidade, como a que nossa cidade viabiliza, n\u00e3o h\u00e1\u201d, concluiu.</p>\r\n<p><a class=\"external-link\" href=\"https://www.praiagrande.sp.leg.br/institucional/fotos/reuniao-pcds/\" target=\"_self\" title=\"https://www.praiagrande.sp.leg.br/institucional/fotos/reuniao-pcds/\">Clique aqui para mais fotos</a></p>", "author_name": "", "version": "1.0", "author_url": "https://acervo.praiagrande.sp.leg.br/author/artur", "provider_name": "C\u00e2mara Municipal da Est\u00e2ncia Balne\u00e1ria de Praia Grande", "type": "rich"}