{"provider_url": "https://acervo.praiagrande.sp.leg.br", "title": "VEREADORES NA SECRETARIA DA CULTURA", "html": "<p>Os vereadores de Praia Grande estiveram reunidos, na tarde de hoje (29/11), com o secret\u00e1rio municipal de Cultura e Turismo, Maur\u00edcio Petiz, e representantes de religi\u00f5es de matriz africana para tratar da pol\u00eamica reforma da est\u00e1tua de Iemanj\u00e1, que fica na orla da praia no bairro Mirim.</p>\r\n<p>A imagem foi pintada de branco, o que causou rea\u00e7\u00e3o por parte dos religiosos. Em vista disso, a Prefeitura lan\u00e7ou uma consulta p\u00fablica com o objetivo de avaliar se a popula\u00e7\u00e3o prefere a imagem pintada de branco ou azul, como era anteriormente.</p>\r\n<p>O levantamento foi encerrado \u00e0s 17h da quarta-feira, dia 29, e cerca de 90% dos participantes optaram pela cor azul.</p>\r\n<p>O secret\u00e1rio Maur\u00edcio Petiz dirigiu-se aos religiosos afirmando que nunca se recusou a receber nem a ouvir ningu\u00e9m sobre a quest\u00e3o da reforma da est\u00e1tua de Iemanj\u00e1 e que n\u00e3o h\u00e1, por parte da administra\u00e7\u00e3o, nenhum descaso ou desrespeito em rela\u00e7\u00e3o \u00e0 f\u00e9 por eles professada.</p>\r\n<p>Diante dos n\u00fameros apresentados pela pesquisa, Petiz assumiu o compromisso de retomar a configura\u00e7\u00e3o anterior. O secret\u00e1rio explicou que, em raz\u00e3o da inviabilidade t\u00e9cnica, legal e do tempo ex\u00edguo, nos pr\u00f3ximos dias 2 e 3 de dezembro, quando acontecem as comemora\u00e7\u00f5es da Umbanda, a imagem permanecer\u00e1 com a cor branca, iluminada de azul durante \u00e0 noite. Mas que, no dia dos festejos do Candombl\u00e9, a est\u00e1tua de Iemanj\u00e1 voltar\u00e1 a ser como era antes da interven\u00e7\u00e3o.</p>\r\n<p>O presidente da C\u00e2mara Municipal, vereador Marco Antonio de Sousa, o Marquinho, elogiou a postura do secret\u00e1rio Petiz por atender \u00e0s reivindica\u00e7\u00f5es e se mostrou feliz com o desfecho obtido na reuni\u00e3o: \u201co objetivo, que seria resgatar a tradi\u00e7\u00e3o, foi alcan\u00e7ado\u201d, avaliou.</p>\r\n<p><a class=\"external-link\" href=\"https://www.praiagrande.sp.leg.br/institucional/fotos/vereadores-na-secretaria-da-cultura/\" target=\"_self\" title=\"https://www.praiagrande.sp.leg.br/institucional/fotos/vereadores-na-secretaria-da-cultura/\">Clique aqui para mais fotos</a></p>", "author_name": "", "version": "1.0", "author_url": "https://acervo.praiagrande.sp.leg.br/author/artur", "provider_name": "C\u00e2mara Municipal da Est\u00e2ncia Balne\u00e1ria de Praia Grande", "type": "rich"}