{"provider_url": "https://acervo.praiagrande.sp.leg.br", "title": "TEM IN\u00cdCIO O PARLAMENTO JOVEM 2023", "html": "<p>Ocorreu, na tarde de hoje (14/06), a 1\u00aa Sess\u00e3o Ordin\u00e1ria do Parlamento Jovem do ano de 2023 da C\u00e2mara Municipal de Praia Grande. Os trabalhos foram conduzidos pelo presidente, Alexandre Bezerra Calixto, e pela vice-presidente, Emilly Rodrigues Alves, eleitos, junto com os demais membros da Mesa Diretora, na Sess\u00e3o Solene de Posse, realizada no dia 22 de maio, no Pal\u00e1cio das Artes.</p>\r\n<p>Durante os meses de abril e maio, os jovens vereadores eleitos passaram por cursos de capacita\u00e7\u00e3o, com palestras e simula\u00e7\u00e3o de uma Sess\u00e3o Legislativa, para tomar conhecimento dos procedimentos parlamentares a serem seguidos durante o exerc\u00edcio do mandato.</p>\r\n<p>Hoje, pela primeira vez, os 21 jovens vereadores eleitos puderam apresentar Indica\u00e7\u00f5es, Requerimentos, Mo\u00e7\u00f5es de Aplauso, de Rep\u00fadio, Projetos e Anteprojetos de Lei que versaram sobre os mais diversos temas de interesse da sociedade, como educa\u00e7\u00e3o, meio ambiente, urbanismo, sa\u00fade, saneamento, transporte, assist\u00eancia social e seguran\u00e7a.</p>\r\n<p>O Parlamento Jovem \u00e9 uma iniciativa da C\u00e2mara de Praia Grande, criada pelo Decreto Legislativo N\u00ba 18/2021, que tem como objetivo promover a integra\u00e7\u00e3o do Poder Legislativo com estudantes do ensino m\u00e9dio e fundamental II, contribuindo para a forma\u00e7\u00e3o de sua cidadania e compreens\u00e3o dos aspectos pol\u00edticos da sociedade.</p>\r\n<p>\u00a0</p>\r\n<p><a class=\"external-link\" href=\"https://www.praiagrande.sp.leg.br/institucional/fotos/tem-inicio-o-parlamento-jovem-2023/\" target=\"_self\" title=\"https://www.praiagrande.sp.leg.br/institucional/fotos/tem-inicio-o-parlamento-jovem-2023/\">Clique aqui para mais fotos</a></p>", "author_name": "", "version": "1.0", "author_url": "https://acervo.praiagrande.sp.leg.br/author/artur", "provider_name": "C\u00e2mara Municipal da Est\u00e2ncia Balne\u00e1ria de Praia Grande", "type": "rich"}