{"provider_url": "https://acervo.praiagrande.sp.leg.br", "title": "SESS\u00c3O SOLENE", "html": "<p>Foi realizada na noite da \u00faltima sexta-feira (06/10), no Plen\u00e1rio da C\u00e2mara Municipal de Praia Grande, Sess\u00e3o Solene em homenagem ao Dia do Educador F\u00edsico.</p>\r\n<p>A cerim\u00f4nia foi presidida pelo vereador Hugo Ribeiro. Tamb\u00e9m fizeram parte da Mesa Diretora, os delegados do Conselho Regional de Educa\u00e7\u00e3o F\u00edsica (CREF), Oswaldo Pinheiro e Lucas Pina, e as vereadoras Vera Ben\u00edcio e Renata Zabeu.</p>\r\n<p>O delegado do CREF Lucas Pina condecorou o educador Inaldo Alves da Silva e cada vereador teve a oportunidade de agraciar os seus homenageados:</p>\r\n<p>Dr. Marcelo Cruz: Almir de G\u00f3es Junior<br />Gordinho do Povo: Bruno Henrique Barbosa<br />Hugo Ribeiro: Alzira Epifania Marques<br />Jo\u00e3o Alves Correa Neto: Alessandro Chino Nascimento<br />Jos\u00e9 Carlos dos Santos: Fabiano Nepomuceno da Silva<br />Marcelino Santos Gomes: Renata Aparecida Campos<br />M\u00e1rcio Alem\u00e3o: Roberto Carlos Belini<br />Renata Zabeu: Michael Matias dos Santos<br />Vera Ben\u00edcio: Alessandro Demel Lotti<br />Whelliton Augusto Silva: C\u00e9sar Leme Giovinasso</p>\r\n<p><a class=\"external-link\" href=\"https://www.praiagrande.sp.leg.br/institucional/fotos/solene-aos-educadores-fisicos/\" target=\"_self\" title=\"https://www.praiagrande.sp.leg.br/institucional/fotos/solene-aos-educadores-fisicos/\">clique aqui para mais fotos</a></p>", "author_name": "", "version": "1.0", "author_url": "https://acervo.praiagrande.sp.leg.br/author/lais", "provider_name": "C\u00e2mara Municipal da Est\u00e2ncia Balne\u00e1ria de Praia Grande", "type": "rich"}