{"provider_url": "https://acervo.praiagrande.sp.leg.br", "title": "QUINTA-FEIRA TER\u00c1 EXTRAORDIN\u00c1RIAS", "html": "<p><span>A C\u00e2mara Municipal de Praia Grande realizar\u00e1 na pr\u00f3xima quinta-feira, dia 21 de dezembro, sua 24\u00aa e 25 \u00aa Sess\u00f5es Extraordin\u00e1rias do ano de 2023.</span></p>\r\n<div class=\"x11i5rnm xat24cr x1mh8g0r x1vvkbs xtlvy1s x126k92a\">\r\n<div dir=\"auto\">O encontro ter\u00e1 in\u00edcio a partir das 10h, podendo contar com a presen\u00e7a do p\u00fablico, e haver\u00e1 transmiss\u00e3o ao vivo pela P\u00e1gina Oficial da C\u00e2mara no Facebook (<span><a class=\"x1i10hfl xjbqb8w x6umtig x1b1mbwd xaqea5y xav7gou x9f619 x1ypdohk xt0psk2 xe8uvvx xdj266r x11i5rnm xat24cr x1mh8g0r xexx8yu x4uap5 x18d9i69 xkhd6sd x16tdsg8 x1hl2dhg xggy1nq x1a2a7pz xt0b8zv x1qq9wsj xo1l8bm\" href=\"https://www.facebook.com/camarapg?__cft__[0]=AZVXQm0C6cwskVdjEddo4tlW8Xymi6kamTyqmbpzrvpEtmIBk6uSZxzS18Uz8aEwShcw2OpfC2Zg0qwuEHMKpV4W4rQtAr1o4C82dD7iub2kJfHM0wVnM03aMfAOAOT_0hI&amp;__tn__=-]K-R\" tabindex=\"0\"><span class=\"xt0psk2\">http://www.facebook.com/camarapg</span></a></span>), pelo YouTube, TV Unisantos (canal fechado 12 e canal aberto 40.1) e pela R\u00e1dio P\u00e9rola FM 104,9.</div>\r\n</div>\r\n<div class=\"x11i5rnm xat24cr x1mh8g0r x1vvkbs xtlvy1s x126k92a\">\r\n<div dir=\"auto\">A C\u00e2mara Municipal de Praia Grande fica na Pra\u00e7a <span><a tabindex=\"-1\"></a></span>Vereador Vital Muniz, 01 \u2013 Boqueir\u00e3o.</div>\r\n</div>", "author_name": "", "version": "1.0", "author_url": "https://acervo.praiagrande.sp.leg.br/author/lais", "provider_name": "C\u00e2mara Municipal da Est\u00e2ncia Balne\u00e1ria de Praia Grande", "type": "rich"}