{"provider_url": "https://acervo.praiagrande.sp.leg.br", "title": "PROJETO PARA OS JOVENS", "html": "<div dir=\"auto\">Aconteceu nessa segunda-feira (08/02), uma reuni\u00e3o entre os vereadores, a Policia Militar, diretoras, coordenadoras, assistentes socias, psic\u00f3logas e advogada, para dar o ponta p\u00e9 inicial em um Projeto com parceria de todos os presentes.</div>\r\n<div dir=\"auto\"></div>\r\n<div class=\"o9v6fnle cxmmr5t8 oygrvhab hcukyx3x c1et5uql ii04i59q\">\r\n<div dir=\"auto\">O projeto ainda est\u00e1 em constru\u00e7\u00e3o, sendo elaborado para atender aos jovens matriculados do sexto ao nono ano do ensino m\u00e9dio.</div>\r\n<div dir=\"auto\"></div>\r\n</div>\r\n<div class=\"o9v6fnle cxmmr5t8 oygrvhab hcukyx3x c1et5uql ii04i59q\">\r\n<div dir=\"auto\">A proposta \u00e9 ministrar cursos e palestras sempre abordando temas atuais e de import\u00e2ncia para a forma\u00e7\u00e3o dos jovens inscritos.</div>\r\n<div dir=\"auto\"></div>\r\n</div>\r\n<div class=\"o9v6fnle cxmmr5t8 oygrvhab hcukyx3x c1et5uql ii04i59q\">\r\n<div dir=\"auto\">A ideia inicial \u00e9 que se forme uma parceira entre todos envolvidos, trazendo os jovens para mais pr\u00f3ximo, dando apoio e ajuda para o livramento da criminalidade e das drogas.</div>\r\n</div>\r\n<div class=\"o9v6fnle cxmmr5t8 oygrvhab hcukyx3x c1et5uql ii04i59q\">\r\n<div dir=\"auto\">Os profissionais presentes na reuni\u00e3o j\u00e1 se prontificaram a participar tanto na elabora\u00e7\u00e3o e constru\u00e7\u00e3o, quanto tamb\u00e9m ministrando os cursos e palestras que englobar\u00e3o o referido Projeto.</div>\r\n<div dir=\"auto\"></div>\r\n</div>\r\n<div class=\"o9v6fnle cxmmr5t8 oygrvhab hcukyx3x c1et5uql ii04i59q\">\r\n<div dir=\"auto\">Estiveram presentes na reuni\u00e3o, os Vereadores Michele Quintas, Francisco de Ara\u00fajo Lima Jr (Gugu Mil Grau), Rodrigo Ros\u00e1rio e Marcos C\u00e2mara, o CMDT PM Renato Fincatti, os Majores Emerson Sobra e Carlos Alberto de Moraes Pinto, a Psic\u00f3loga Adriana Quintas, a Diretora de Divis\u00e3o A\u00e7\u00e3o Comunit\u00e1ria da SEDUC Valqu\u00edria Medeiros do N. Oliveira, a Coordenadora do CREAS- SEAS Alessandra Ramos, a Diretora de Divis\u00e3o- SEAS Ana Maria Bom Frigerio, a Assistente Social da APAE PG Alzenita Barros Morelli, a Psic\u00f3loga Institucional APAE PG Renata Caroline de Souza, Advogada Mediadora do Instituo Baruc Dra Carleane Lopes Souza e o Profissional de Educa\u00e7\u00e3o F\u00edsica Rodrigo Augusto da Silva Rosa.</div>\r\n</div>\r\n<div dir=\"auto\"><a title=\"https://www.praiagrande.sp.leg.br/institucional/fotos/projeto-para-os-jovens/\" href=\"https://acervo.praiagrande.sp.leg.br/institucional/fotos/projeto-para-os-jovens/\" class=\"external-link\" target=\"_self\"><br /></a></div>\r\n<div dir=\"auto\"><a title=\"https://www.praiagrande.sp.leg.br/institucional/fotos/projeto-para-os-jovens/\" href=\"https://acervo.praiagrande.sp.leg.br/institucional/fotos/projeto-para-os-jovens/\" class=\"external-link\" target=\"_self\">Clique aqui para mais fotos</a></div>", "author_name": "", "version": "1.0", "author_url": "https://acervo.praiagrande.sp.leg.br/author/lais", "provider_name": "C\u00e2mara Municipal da Est\u00e2ncia Balne\u00e1ria de Praia Grande", "type": "rich"}