{"provider_url": "https://acervo.praiagrande.sp.leg.br", "title": "Primeira Posse do Parlamento Jovem ", "html": "<p>Na noite de ontem (23 de maio), ocorreu a Solene para a posse do Parlamento Jovem, no Plen\u00e1rio da C\u00e2mara Municipal de Praia Grande.</p>\r\n<p>A Solene vem atrav\u00e9s do Projeto de Decreto Legislativo n\u00b0 19/2021, de autoria do Vereador Marcio Glauber, que tem por objetivo promover aos jovens do s\u00e9timo ao nono ano do Ensino Fundamental e do primeiro ao terceiro ano do Ensino M\u00e9dio, mais consci\u00eancia sobre o seu papel como cidad\u00e3os, e sobre os seus direitos e deveres, conforme assegurado pela lei 12.852/13, no Estatuto da Juventude.</p>\r\n<p>No decreto \u00e9 constitu\u00eddo por jovens vereadores e suplentes pela quantidade equivalente ao n\u00famero de vereadores do munic\u00edpio. Foram eleitos os estudantes com mais votos nas escolas e que apresentaram os maiores quocientes de participa\u00e7\u00e3o. O mandato dos Vereadores jovens ser\u00e1 de um ano, entre os meses de abril a dezembro.</p>\r\n<p>Foram empossados os vereadores jovens:</p>\r\n<p>Ana Carolina Rosa Reigadas, da E.M. Prof\u00aa. Maria Nilza da Silva Rom\u00e3o</p>\r\n<p>Ana Luiza Lima de Ara\u00fajo, da E.M. Ronaldo S\u00e9rgio Alves Lameira Ramos</p>\r\n<p>Annah Larissa Cardoso de Souza, do Col\u00e9gio Objetivo \u2013 Praia Grande</p>\r\n<p>Brenda Emanuelle Jesus Cordeiro, da E.M. Domingos Soares de Oliveira</p>\r\n<p>David Eduardo Gonz\u00e1les Batista, do Col\u00e9gio Universo</p>\r\n<p>Enzo Rafael Tomaz de Aquino Amori, da E.E. Jardim Bopeva</p>\r\n<p>Eshiley Cardoso Souza da Rocha, da E.E. Prof\u00aa. Magali Alonso</p>\r\n<p>Giovanna Leite Alves Concei\u00e7\u00e3o, da E.M. Professora Elza Oliveira de Carvalho</p>\r\n<p>Hannah Santos Melo, da E.E. Dr. Abrah\u00e3o Jacob Lafer</p>\r\n<p>Igor Miguel Baxur de Albuquerque, do Col\u00e9gio Fran\u00e7a</p>\r\n<p>J\u00falia Caroline da Silva, do Col\u00e9gio Universo</p>\r\n<p>Kaique Henrique Domingues Oliveira, da E.M. Sebasti\u00e3o Tavares de Oliveira</p>\r\n<p>Kaue Lima dos Santos, da E.M. Ant\u00f4nio Peres Ferreira</p>\r\n<p>Leticia Pereira de Oliveira, da E.E. Alexandrina Santiago Netto</p>\r\n<p>L\u00edvia Rodrigues Lustosa, da E.E. Jardim Bopeva</p>\r\n<p>Luan Mota da silva, da Escola E.E. Dr. Alfredo Reis Viegas</p>\r\n<p>Natali Andressa Almeida Santos, da E.M Professora Maria Clotilde Lopes Comitre Rigo</p>\r\n<p>Pedro Soares Juan, do Col\u00e9gio Objetivo \u2013 Praia Grande</p>\r\n<p>Rafaela Biazzus Cantero, do Col\u00e9gio Fran\u00e7a</p>\r\n<p>Thiego Henry de Oliveira Carvalho, da E.E. Adelaide Patroc\u00ednio dos Santos</p>\r\n<p>Titilayo Ajoque Oluwatuyi, do Col\u00e9gio Objetivo \u2013 Praia Grande</p>\r\n<p>Participaram na entrega da posse, os Senhores Cassio Navarro, ex-Vereador desta Casa de Leis; o Parlamentar Emerson Camargo; Parlamentar Rodrigo Ros\u00e1rio; Parlamentar R\u00f4mulo Brasil; Parlamentar Gugu Mil Grau; Ergon Cugler, Maria Aparecida, Secret\u00e1ria de Educa\u00e7\u00e3o; Roger Quadros, Dirigente de Ensino Regional de S\u00e3o Vicente e Augusto Shell, Subsecret\u00e1rio de Juventude.</p>\r\n<p>As Sess\u00f5es Ordin\u00e1rias do Parlamento Jovem de Praia Grande ocorrer\u00e3o entre os meses de maio a novembro, sempre \u00e2 primeira quarta-feira \u00fatil de cada m\u00eas.</p>\r\n<p><a class=\"external-link\" href=\"https://www.praiagrande.sp.leg.br/institucional/fotos/posse-do-parlamento-jovem/\" target=\"_self\" title=\"https://www.praiagrande.sp.leg.br/institucional/fotos/posse-do-parlamento-jovem/\">Clique aqui para mais fotos.</a></p>", "author_name": "", "version": "1.0", "author_url": "https://acervo.praiagrande.sp.leg.br/author/lais", "provider_name": "C\u00e2mara Municipal da Est\u00e2ncia Balne\u00e1ria de Praia Grande", "type": "rich"}