{"provider_url": "https://acervo.praiagrande.sp.leg.br", "title": "PARLAMENTO JOVEM 2023", "html": "<p><span>Saiu a rela\u00e7\u00e3o dos eleitos para a 2\u00aa Legislatura do Parlamento Jovem da Est\u00e2ncia Balne\u00e1ria de Praia Grande. O Parlamento Jovem \u00e9 uma iniciativa que tem como objetivo promover a integra\u00e7\u00e3o da C\u00e2mara dos Vereadores com estudantes do ensino m\u00e9dio e fundamental II, permitindo ao aluno participar da rotina parlamentar e compreender o papel do Poder Legislativo.</span></p>\r\n<p>Entre os meses de fevereiro e abril, ocorreram as campanhas e a elei\u00e7\u00e3o nos col\u00e9gios. Puderam participar estudantes do 7\u00aa ano do Ensino Fundamental ao 3\u00aa ano do Ensino m\u00e9dio das escolas da rede municipal, estadual, particular e a ETEC de Praia Grande e CAMP \u2013 PG.</p>\r\n<p>Para ocupar as 21 cadeiras do Parlamento (nove de escolas municipais, sete de escolas estaduais e cinco de escolas particulares), foram eleitos os seguintes estudantes e seus respectivos suplentes:</p>\r\n<table class=\"plain\">\r\n<tbody>\r\n<tr><th>\r\n<p class=\"MsoNormal\"><span>VEREADOR JOVEM</span></p>\r\n</th><th>\r\n<p class=\"MsoNormal\"><span>SUPLENTE</span></p>\r\n</th><th>\r\n<p class=\"MsoNormal\"><span>ESCOLA</span></p>\r\n</th></tr>\r\n<tr>\r\n<td>\r\n<p class=\"MsoNormal\"><b><span>Alexandre Bezerra Calixto</span></b></p>\r\n</td>\r\n<td>\r\n<p class=\"MsoNormal\"><b><span>Wagner Rodrigo Da Silva Santos</span></b></p>\r\n</td>\r\n<td>\r\n<p class=\"MsoNormal\"><b><span>E.E. Laudelino Fernandes Dos Santos</span></b></p>\r\n</td>\r\n</tr>\r\n<tr>\r\n<td>\r\n<p class=\"MsoNormal\"><b><span>Cibelle Alves Paulino Teodoro</span></b></p>\r\n</td>\r\n<td>\r\n<p class=\"MsoNormal\"><b><span>Guilherme Cabral Santos Fernandes</span></b></p>\r\n</td>\r\n<td>\r\n<p class=\"MsoNormal\"><b><span>E.E. Magali Alonso</span></b></p>\r\n</td>\r\n</tr>\r\n<tr>\r\n<td>\r\n<p class=\"MsoNormal\"><b><span>Alice dos Santos Baleeiro</span></b></p>\r\n</td>\r\n<td>\r\n<p class=\"MsoNormal\"><b><span>Jo\u00e3o Carlos Martins Pellicciotti</span></b></p>\r\n</td>\r\n<td>\r\n<p class=\"MsoNormal\"><b><span>E.E. Dr. Reynaldo Kuntz Busch</span></b></p>\r\n</td>\r\n</tr>\r\n<tr>\r\n<td>\r\n<p class=\"MsoNormal\"><b><span>Yasmin Ribeiro De Novaes</span></b></p>\r\n</td>\r\n<td>\r\n<p class=\"MsoNormal\"><b><span>Milena Cipriano Santos</span></b></p>\r\n</td>\r\n<td>\r\n<p class=\"MsoNormal\"><b><span>E.E. <span>Profa. Sylvia de Mello</span></span></b></p>\r\n</td>\r\n</tr>\r\n<tr>\r\n<td>\r\n<p class=\"MsoNormal\"><b><span>Ana Julha Batista Pontes De Mattos</span></b></p>\r\n</td>\r\n<td>\r\n<p class=\"MsoNormal\"><b><span>Maria Luiza Souza Braga</span></b></p>\r\n</td>\r\n<td>\r\n<p class=\"MsoNormal\"><b><span>E.E. <span>Oswaldo Luiz Sanchez Toschi</span></span></b></p>\r\n</td>\r\n</tr>\r\n<tr>\r\n<td>\r\n<p class=\"MsoNormal\"><b><span>Julia Galdino Dos Santos</span></b></p>\r\n</td>\r\n<td>\r\n<p class=\"MsoNormal\"><b><span>Sabrina Rodrigues Ferreira Da Silva</span></b></p>\r\n</td>\r\n<td>\r\n<p class=\"MsoNormal\"><b><span>E.E. Dr. Alfredo Reis Viegas</span></b></p>\r\n</td>\r\n</tr>\r\n<tr>\r\n<td>\r\n<p class=\"MsoNormal\"><b><span>Isabelly Brandi Alves</span></b></p>\r\n</td>\r\n<td>\r\n<p class=\"MsoNormal\"><b><span>Sthefani Souza De Jesus</span></b></p>\r\n</td>\r\n<td>\r\n<p class=\"MsoNormal\"><b><span>E.E. Jardim Bopeva</span></b></p>\r\n</td>\r\n</tr>\r\n<tr>\r\n<td>\r\n<p class=\"MsoNormal\"><b><span>Emilly Rodrigues Alves</span></b></p>\r\n</td>\r\n<td>\r\n<p class=\"MsoNormal\"><b><span>Gabriela Santos De Santana</span></b></p>\r\n</td>\r\n<td>\r\n<p class=\"MsoNormal\"><b><span>E.M. Lions Clube Ocian</span></b></p>\r\n</td>\r\n</tr>\r\n<tr>\r\n<td>\r\n<p class=\"MsoNormal\"><b><span>Giovana Oliveira Souza</span></b></p>\r\n</td>\r\n<td>\r\n<p class=\"MsoNormal\"><b><span>N\u00edcolas Leonardo Caus de S. Santos</span></b></p>\r\n</td>\r\n<td>\r\n<p class=\"MsoNormal\"><b><span>E.M. <span>Vereador Felipe Avelino Moraes</span></span></b></p>\r\n</td>\r\n</tr>\r\n<tr>\r\n<td>\r\n<p class=\"MsoNormal\"><b><span>Samuel Alves Souza Lima</span></b></p>\r\n</td>\r\n<td>\r\n<p class=\"MsoNormal\"><b><span>Thayn\u00e1 Pereira Lacerda</span></b></p>\r\n</td>\r\n<td>\r\n<p class=\"MsoNormal\"><b><span>E.M. Maria De Lourdes Santos</span></b></p>\r\n</td>\r\n</tr>\r\n<tr>\r\n<td>\r\n<p class=\"MsoNormal\"><b><span>Naylah Roberta M. Ferreira Passos</span></b></p>\r\n</td>\r\n<td>\r\n<p class=\"MsoNormal\"><b><span>Emilly\u00a0Patricia Da Silva Gon\u00e7alves</span></b></p>\r\n</td>\r\n<td>\r\n<p class=\"MsoNormal\"><b><span>E.M. S\u00e3o Francisco De Assis</span></b></p>\r\n</td>\r\n</tr>\r\n<tr>\r\n<td>\r\n<p class=\"MsoNormal\"><b><span>Matheus Andrade da Concei\u00e7\u00e3o</span></b></p>\r\n</td>\r\n<td>\r\n<p class=\"MsoNormal\"><b><span>Richard Nunes de Andrade</span></b></p>\r\n</td>\r\n<td>\r\n<p class=\"MsoNormal\"><b><span>E.M. Cidade Da Crian\u00e7a</span></b></p>\r\n</td>\r\n</tr>\r\n<tr>\r\n<td>\r\n<p class=\"MsoNormal\"><b><span>Wesley Almeida Da Silva</span></b></p>\r\n</td>\r\n<td>\r\n<p class=\"MsoNormal\"><b><span>Henzo Felipe Holanda Novais</span></b></p>\r\n</td>\r\n<td>\r\n<p class=\"MsoNormal\"><b><span>E.M. Domingos Soares De Oliveira</span></b></p>\r\n</td>\r\n</tr>\r\n<tr>\r\n<td>\r\n<p class=\"MsoNormal\"><b><span>Gabriel Fernandes<span> Burity De Melo</span></span></b></p>\r\n</td>\r\n<td>\r\n<p class=\"MsoNormal\"><b><span>Valter Gomes De Oliveira Neto</span></b></p>\r\n</td>\r\n<td>\r\n<p class=\"MsoNormal\"><b><span>E.M. Jos\u00e9 J\u00falio Martins Baptista</span></b></p>\r\n</td>\r\n</tr>\r\n<tr>\r\n<td>\r\n<p class=\"MsoNormal\"><b><span>Esther dos Santos</span></b></p>\r\n</td>\r\n<td>\r\n<p class=\"MsoNormal\"><b><span>Victor dos Santos Brazil</span></b></p>\r\n</td>\r\n<td>\r\n<p class=\"MsoNormal\"><b><span>E.M. Orestes Qu\u00e9rcia</span></b></p>\r\n</td>\r\n</tr>\r\n<tr>\r\n<td>\r\n<p class=\"MsoNormal\"><b><span>Rebeca Gomes De Matos</span></b></p>\r\n</td>\r\n<td>\r\n<p class=\"MsoNormal\"><b><span>Suianny Karolina De Oliveira</span></b></p>\r\n</td>\r\n<td>\r\n<p class=\"MsoNormal\"><b><span>E.M. <span>Maria Clotilde L. Comitre Rigo</span></span></b></p>\r\n</td>\r\n</tr>\r\n<tr>\r\n<td>\r\n<p class=\"MsoNormal\"><b><span>Ian Santi Griko</span></b></p>\r\n</td>\r\n<td>\r\n<p class=\"MsoNormal\"><b><span>Isabella Benia Avino</span></b></p>\r\n</td>\r\n<td>\r\n<p class=\"MsoNormal\"><b><span>Col\u00e9gio Coc Novomundo</span></b></p>\r\n</td>\r\n</tr>\r\n<tr>\r\n<td>\r\n<p class=\"MsoNormal\"><b><span>Matheus Alves de Carvalho</span></b></p>\r\n</td>\r\n<td>\r\n<p class=\"MsoNormal\"><b><span>Nicolle Rossi de Sena</span></b></p>\r\n</td>\r\n<td>\r\n<p class=\"MsoNormal\"><b><span>Col\u00e9gio Fran\u00e7a</span></b></p>\r\n</td>\r\n</tr>\r\n<tr>\r\n<td>\r\n<p class=\"MsoNormal\"><b><span>Murilo Labegalini</span></b></p>\r\n</td>\r\n<td>\r\n<p class=\"MsoNormal\"><b><span>Leonardo Lopes do Nascimento</span></b></p>\r\n</td>\r\n<td>\r\n<p class=\"MsoNormal\"><b><span>Col\u00e9gio Objetivo</span></b></p>\r\n</td>\r\n</tr>\r\n<tr>\r\n<td>\r\n<p class=\"MsoNormal\"><b><span>Victor Bruno</span></b></p>\r\n</td>\r\n<td>\r\n<p class=\"MsoNormal\"><b><span>Eduarda Pereira Duarte</span></b></p>\r\n</td>\r\n<td>\r\n<p class=\"MsoNormal\"><b><span>Col\u00e9gio Passionista</span></b></p>\r\n</td>\r\n</tr>\r\n<tr>\r\n<td>\r\n<p class=\"MsoNormal\"><b><span>Ronaldo Mendes</span></b></p>\r\n</td>\r\n<td>\r\n<p class=\"MsoNormal\"><b><span>Ana Beatriz Sanchez Lisboa</span></b></p>\r\n</td>\r\n<td>\r\n<p class=\"MsoNormal\"><b><span>Camp PG<span></span></span></b></p>\r\n</td>\r\n</tr>\r\n</tbody>\r\n</table>\r\n<p>\u00a0</p>\r\n<p class=\"MsoNormal\"><a name=\"_Hlk133246987\"></a></p>", "author_name": "", "version": "1.0", "author_url": "https://acervo.praiagrande.sp.leg.br/author/artur", "provider_name": "C\u00e2mara Municipal da Est\u00e2ncia Balne\u00e1ria de Praia Grande", "type": "rich"}