{"provider_url": "https://acervo.praiagrande.sp.leg.br", "title": "PALESTRA SOBRE VALORIZA\u00c7\u00c3O DA VIDA", "html": "<p>Em alus\u00e3o ao Setembro Amarelo, m\u00eas em que se comemora o Dia Mundial de Preven\u00e7\u00e3o ao Suic\u00eddio, a C\u00e2mara Municipal de Praia Grande recebeu, na \u00faltima segunda-feira (25/09), o dr. Cleber Ricardo da Silva para uma palestra sobre a Valoriza\u00e7\u00e3o da Vida. </p>\r\n<p>O Dia 10 de setembro \u00e9 lembrado como o Dia Mundial de Preven\u00e7\u00e3o ao Suic\u00eddio. No Brasil, o suic\u00eddio \u00e9 considerado um problema de sa\u00fade p\u00fablica e sua ocorr\u00eancia tem aumentado muito entre jovens. De acordo com n\u00fameros oficiais, 32 brasileiros tiram a pr\u00f3pria vida por dia em m\u00e9dia. De acordo com um relat\u00f3rio da Organiza\u00e7\u00e3o Mundial da Sa\u00fade (OMS) de 2014, o Brasil est\u00e1 em oitavo lugar entre os pa\u00edses com maior n\u00famero de suic\u00eddios.</p>\r\n<p>Durante o evento, presidido pelo vereador Marcos Camara, o dr. Cleber disse que a maior parte das pessoas que cometem suic\u00eddio acaba dando sinais sobre a depress\u00e3o. \u201cA gente tem que ficar atento a esses sinais\u201d, advertiu. </p>\r\n<p>O palestrante ressaltou a import\u00e2ncia de se falar a respeito do tema. Segundo o dr. Cleber, apesar de os n\u00fameros de suic\u00eddios estarem em queda no mundo, no Brasil e na Am\u00e9rica Latina eles est\u00e3o crescendo. \u201cTemos que ficar alertas. Ou a gente s\u00f3 vai parar para olhar isso quando algu\u00e9m da nossa fam\u00edlia tomar essa decis\u00e3o?\u201d, questionou.</p>", "author_name": "", "version": "1.0", "author_url": "https://acervo.praiagrande.sp.leg.br/author/lais", "provider_name": "C\u00e2mara Municipal da Est\u00e2ncia Balne\u00e1ria de Praia Grande", "type": "rich"}