{"provider_url": "https://acervo.praiagrande.sp.leg.br", "title": "NOVA COMPOSI\u00c7\u00c3O DA C\u00c2MARA", "html": "<p>Terminou no \u00faltimo s\u00e1bado (06/04) o prazo para que, quem pretende se candidatar nas\u00a0elei\u00e7\u00f5es de 2024, esteja com domic\u00edlio eleitoral registrado no munic\u00edpio em que deseja concorrer.\u00a0O dia 06 de abril tamb\u00e9m foi a data final para quem pretende se candidatar a vereador, prefeito ou vice-prefeito na elei\u00e7\u00e3o deste ano oficializar sua filia\u00e7\u00e3o partid\u00e1ria.</p>\r\n<p>Um dia antes, na sexta-feira (5), encerrou-se a chamada\u00a0janela partid\u00e1ria, per\u00edodo em que vereadoras e vereadores podem trocar de legenda sem que percam o mandato.</p>\r\n<p>A filia\u00e7\u00e3o partid\u00e1ria \u00e9 condi\u00e7\u00e3o essencial para garantir a elegibilidade da candidata ou do candidato e est\u00e1 prevista no artigo 14 da\u00a0Constitui\u00e7\u00e3o Federal.</p>\r\n<p>Confira como ficou a filia\u00e7\u00e3o partid\u00e1ria dos vereadores de Praia Grande:</p>\r\n<p>Cadu Barbosa \u2013 PRD</p>\r\n<p>Emerson Camargo \u2013 PSD</p>\r\n<p>Gordinho do Povo \u2013 MDB</p>\r\n<p>Gugu Mil Grau \u2013 PSD</p>\r\n<p>Hugo Ribeiro \u2013 MDB</p>\r\n<p>Jo\u00e3o Corr\u00eaa Neto \u2013 Republicanos</p>\r\n<p>Jos\u00e9 Carlos do Santos (Zez\u00e3o) \u2013 MDB</p>\r\n<p>Marcelino Santos Gomes \u2013 MDB</p>\r\n<p>Marcinho MJ \u2013 Uni\u00e3o Brasil</p>\r\n<p>Marcio Alem\u00e3o \u2013 MDB</p>\r\n<p>Marquinho \u2013 MDB</p>\r\n<p>Marcos Jab\u00e1 \u2013 Uni\u00e3o Brasil</p>\r\n<p>Marcos Camara \u2013 PSD</p>\r\n<p>Natanael de Oliveira \u2013 MDB</p>\r\n<p>Renata Zabeu \u2013 PSD</p>\r\n<p>Betinho Andrade \u2013 Republicanos</p>\r\n<p>Rodrigo Ros\u00e1rio \u2013 MOBILIZA</p>\r\n<p>R\u00f4mulo Brasil \u2013 PP</p>\r\n<p>Serginho Sim \u2013 MDB</p>\r\n<p>Vera Ben\u00edcio \u2013 MDB</p>\r\n<p>Whelliton Silva - PL</p>", "author_name": "", "version": "1.0", "author_url": "https://acervo.praiagrande.sp.leg.br/author/artur", "provider_name": "C\u00e2mara Municipal da Est\u00e2ncia Balne\u00e1ria de Praia Grande", "type": "rich"}