{"provider_url": "https://acervo.praiagrande.sp.leg.br", "title": "COMUNICADO DE SESS\u00c3O SOLENE ", "html": "<p><i>A Sess\u00e3o Solene de entrega da <b>Medalha C\u00e2mara Municipal da Est\u00e2ncia Balne\u00e1ria de Praia Grande</b> \u00e0s seguintes pessoas que, nas mais diversas \u00e1reas de atua\u00e7\u00e3o, tenham prestado relevantes servi\u00e7os \u00e0 nossa Comunidade: <b>Alexandre Mani\u00e7oba de Oliveira,</b> <b>Alexandre Tadeu de Souza Reis</b><b>,</b> <b>Carlos Jos\u00e9 Eduardo de Ara\u00fajo,</b> <b>Edson Milan,</b></i> <b><i>Eledir Lima de Oliveira,</i></b><i> <b>Francisco Assis Vieira de Sousa,</b> <b>Jo\u00e3o Paulo Ribeiro, Joaquim Aguiar e Silva, Jos\u00e9 Ezidio Rodrigues, Jos\u00e9 Fernandes de Sousa, Karl Douglas Stricker, Mario Aluizio Cardoso, Rodolfo Rondon, Sergio Jos\u00e9 da Silva Tomaz, S\u00f4nia Maria Silva e Castro e Waldeir Vieira de Oliveira, </b>o</i><i>correr\u00e1 \u00e0s 19:00 horas do dia 31 de outubro de 2019, no Plen\u00e1rio\u00a0</i><i>desta Edilidade, sito \u00e0 Pra\u00e7a Vereador Vital Muniz, n\u00ba 01 \u2013 Boqueir\u00e3o.</i></p>\r\n<p align=\"center\">\u00a0</p>\r\n<p><i>\u00a0<br /></i></p>", "author_name": "", "version": "1.0", "author_url": "https://acervo.praiagrande.sp.leg.br/author/lais", "provider_name": "C\u00e2mara Municipal da Est\u00e2ncia Balne\u00e1ria de Praia Grande", "type": "rich"}