{"provider_url": "https://acervo.praiagrande.sp.leg.br", "title": "COMUNICADO DE AUDI\u00caNCIAS P\u00daBLICAS", "html": "<div data-block=\"true\" data-editor=\"aic0p\" data-offset-key=\"1hppe-0-0\">\r\n<div class=\"_1mf _1mj\" data-offset-key=\"1hppe-0-0\"><span>COMUNICADO</span><span data-offset-key=\"1hppe-1-0\"> DE AUDI\u00caNCIAS P\u00daBLICAS</span></div>\r\n</div>\r\n<div data-block=\"true\" data-editor=\"aic0p\" data-offset-key=\"8oeht-0-0\">\r\n<div class=\"_1mf _1mj\" data-offset-key=\"8oeht-0-0\"><span data-offset-key=\"8oeht-0-0\"><br data-text=\"true\" /></span></div>\r\n</div>\r\n<div data-block=\"true\" data-editor=\"aic0p\" data-offset-key=\"3c59j-0-0\">\r\n<div class=\"_1mf _1mj\" data-offset-key=\"3c59j-0-0\"><span data-offset-key=\"3c59j-0-0\">AUDI\u00caNCIA P\u00daBLICA DO EXECUTIVO MUNICIPAL PARA AVALIA\u00c7\u00c3O DAS METAS FISCAIS REFERENTE AO PRIMEIRO QUADRIMESTRE DE 2022, ocorrer\u00e1 no dia 25 de maio (quarta-feira), \u00e0s 15h.</span></div>\r\n</div>\r\n<div data-block=\"true\" data-editor=\"aic0p\" data-offset-key=\"52ccj-0-0\">\r\n<div class=\"_1mf _1mj\" data-offset-key=\"52ccj-0-0\"><span data-offset-key=\"52ccj-0-0\"><br data-text=\"true\" /></span></div>\r\n</div>\r\n<div data-block=\"true\" data-editor=\"aic0p\" data-offset-key=\"cam29-0-0\">\r\n<div class=\"_1mf _1mj\" data-offset-key=\"cam29-0-0\"><span data-offset-key=\"cam29-0-0\">AUDI\u00caNCIA P\u00daBLICA DA SECRET\u00c1RIA DE SA\u00daDE PARA PRESTA\u00c7\u00c3O DE CONTAS REFERENTE AO PRIMEIRO QUADRIMESTRE DE 2022, ocorrer\u00e1 no dia 30 de maio (segunda-feira), \u00e0s 15h.</span></div>\r\n</div>\r\n<div data-block=\"true\" data-editor=\"aic0p\" data-offset-key=\"3qf2m-0-0\">\r\n<div class=\"_1mf _1mj\" data-offset-key=\"3qf2m-0-0\"><span data-offset-key=\"3qf2m-0-0\"><br data-text=\"true\" /></span></div>\r\n</div>\r\n<div data-block=\"true\" data-editor=\"aic0p\" data-offset-key=\"fu4gu-0-0\">\r\n<div class=\"_1mf _1mj\" data-offset-key=\"fu4gu-0-0\"><span data-offset-key=\"fu4gu-0-0\">As audi\u00eancias ser\u00e3o transmitidas ao vivo na p\u00e1gina oficial do faceboock </span></div>\r\n<div><span data-offset-key=\"fu4gu-0-0\"><br /></span></div>\r\n</div>", "author_name": "", "version": "1.0", "author_url": "https://acervo.praiagrande.sp.leg.br/author/lais", "provider_name": "C\u00e2mara Municipal da Est\u00e2ncia Balne\u00e1ria de Praia Grande", "type": "rich"}