{"provider_url": "https://acervo.praiagrande.sp.leg.br", "title": "COMEMORA\u00c7\u00c3O AO DIA DO MA\u00c7OM", "html": "<p>Na noite de ontem (17/08), o vereador Marcos C\u00e2mara presidiu evento em homenagem ao Dia do Ma\u00e7om, que \u00e9 comemorado no dia 20 de agosto.</p>\r\n<p><a class=\"external-link\" href=\"https://www.praiagrande.sp.leg.br/institucional/fotos/comemoracao-ao-dia-do-macom/\" target=\"_self\" title=\"https://www.praiagrande.sp.leg.br/institucional/fotos/comemoracao-ao-dia-do-macom/\">clique aqui para mais fotos</a></p>", "author_name": "", "version": "1.0", "author_url": "https://acervo.praiagrande.sp.leg.br/author/lais", "provider_name": "C\u00e2mara Municipal da Est\u00e2ncia Balne\u00e1ria de Praia Grande", "type": "rich"}