{"provider_url": "https://acervo.praiagrande.sp.leg.br", "title": "AUDI\u00caNCIAS P\u00daBLICAS", "html": "<p><b>DIA 23 DE SETEMBRO </b>(QUARTA-FEIRA) \u2013 15 HORAS \u2013 AUDI\u00caNCIA P\u00daBLICA DO <b><span>EXECUTIVO MUNICIPAL PARA AVALIA\u00c7\u00c3O DAS METAS FISCAIS REFERENTE AO SEGUNDO QUADRIMESTRE DE 2020</span></b>.</p>\r\n<p>\u00a0</p>\r\n<p>\u00a0</p>\r\n<p><b>DIA 29 DE SETEMBRO </b>(TER\u00c7A-FEIRA) \u2013 15 HORAS \u2013 AUDI\u00caNCIA P\u00daBLICA DA <b><span>SECRETARIA MUNICIPAL DE SA\u00daDE PARA PRESTA\u00c7\u00c3O DE CONTAS REFERENTE AO SEGUNDO QUADRIMESTRE DE 2020</span></b>.<b></b></p>\r\n<p><b>\u00a0</b></p>\r\n<p>\u00a0</p>\r\n<p><b>OBSERVA\u00c7\u00c3O: Em virtude da pandemia do coronav\u00edrus (COVID19), as Audi\u00eancias P\u00fablicas ter\u00e3o o acesso reduzido, permitido a lota\u00e7\u00e3o m\u00e1xima de 120 (cento e vinte) pessoas e adotando as medidas preventivas e de seguran\u00e7a, como uso obrigat\u00f3rio de m\u00e1scaras e mantendo o distanciamento.</b></p>\r\n<p>\u00a0</p>", "author_name": "", "version": "1.0", "author_url": "https://acervo.praiagrande.sp.leg.br/author/lais", "provider_name": "C\u00e2mara Municipal da Est\u00e2ncia Balne\u00e1ria de Praia Grande", "type": "rich"}