{"provider_url": "https://acervo.praiagrande.sp.leg.br", "title": "AUDI\u00caNCIA P\u00daBLICA SOBRE FIBROMIALGIA", "html": "<p>Na pr\u00f3xima segunda-feira, dia 13 de maio, ser\u00e1 realizada, no Plen\u00e1rio da C\u00e2mara Municipal de Praia Grande, Audi\u00eancia P\u00fablica para debater quest\u00f5es acerca da fibromialgia, doen\u00e7a que, segundo dados da Sociedade Brasileira de Reumatologia, atinge cerca de 2% a 12% da popula\u00e7\u00e3o adulta no Brasil.</p>\r\n<p>Essa condi\u00e7\u00e3o se caracteriza por dor muscular generalizada, cr\u00f4nica, mas que n\u00e3o apresenta evid\u00eancia de inflama\u00e7\u00e3o nos locais de dor. \u00c9 acompanhada de sintomas t\u00edpicos, como sono n\u00e3o reparador e cansa\u00e7o e acomete, principalmente, mulheres entre 30 e 55 anos de idade, embora, com menor frequ\u00eancia, possa tamb\u00e9m ser diagnosticada em crian\u00e7as, adolescentes e idosos.</p>\r\n<p>A sess\u00e3o ter\u00e1 in\u00edcio \u00e0s 18 horas e ser\u00e1 aberta \u00e0 participa\u00e7\u00e3o da popula\u00e7\u00e3o. Tamb\u00e9m haver\u00e1 transmiss\u00e3o ao vivo pela P\u00e1gina Oficial da C\u00e2mara no Facebook (http://www.facebook.com/camarapg) e pelo YouTube.</p>\r\n<p>A C\u00e2mara Municipal de Praia Grande fica na Pra\u00e7a Vereador Vital Muniz, 01 \u2013 Boqueir\u00e3o.</p>", "author_name": "", "version": "1.0", "author_url": "https://acervo.praiagrande.sp.leg.br/author/artur", "provider_name": "C\u00e2mara Municipal da Est\u00e2ncia Balne\u00e1ria de Praia Grande", "type": "rich"}