{"provider_url": "https://acervo.praiagrande.sp.leg.br", "title": "Audi\u00eancia P\u00fablica de Sa\u00fade", "html": "<p>A C\u00e2mara Municipal de Praia Grande sediou na tarde de ontem (29/09) audi\u00eancia p\u00fablica da Secretaria de Sa\u00fade para presta\u00e7\u00e3o das contas relativas ao segundo quadrimestre de 2022. Essas audi\u00eancias peri\u00f3dicas s\u00e3o realizadas como forma de garantir a transpar\u00eancia da gest\u00e3o do Sistema \u00danico de Sa\u00fade (SUS).</p>\r\n<p>A sess\u00e3o foi conduzida pelo atual presidente da Casa de Leis, R\u00f4mulo Brasil Rebou\u00e7as. Tamb\u00e9m estiveram presentes os vereadores Cadu Barbosa, Emerson Camargo, Francisco de Ara\u00fajo Junior, Hugo Ribeiro, Natanael de Oliveira, Marcelino Santos, M\u00e1rcio Glauber, Marcos C\u00e2mara, Roberto de Andrade, Rodrigo Penasso e Rodrigo Ros\u00e1rio.</p>\r\n<p>Dentre outros temas, os parlamentares levantaram questionamentos a respeito de sa\u00fade mental e animal, sobre as USAFAS, lacunas no atendimento e no acolhimento \u00e0 popula\u00e7\u00e3o, banco de sangue, renova\u00e7\u00e3o dos equipamentos das unidades de sa\u00fade e a previs\u00e3o de incremento do sistema para a chegada da temporada.</p>\r\n<p>O secret\u00e1rio Cleber Suckow Nogueira apresentou dados dos atendimentos realizados pelo sistema de sa\u00fade de Praia Grande e dos investimentos no setor. At\u00e9 o dia 31/08, o munic\u00edpio aplicou 19,88% do seu or\u00e7amento na Sa\u00fade, um valor 4,88% maior que o m\u00ednimo exigido por lei.</p>\r\n<p>Nogueira recebeu cumprimentos pelo trabalho realizado e pelo desempenho na luta contra a Covid-19 e estendeu os m\u00e9ritos \u00e0s equipes que atuaram na linha de frente no combate \u00e0 pandemia. \u201cQuem est\u00e1 l\u00e1 na ponta \u00e9 que faz a Sa\u00fade funcionar\u201d, afirmou.</p>\r\n<p><a title=\"https://www.praiagrande.sp.leg.br/institucional/fotos/audiencia-publica-de-saude/\" href=\"https://acervo.praiagrande.sp.leg.br/institucional/fotos/audiencia-publica-de-saude/\" class=\"external-link\" target=\"_self\">Clique aqui para mais fotos</a></p>", "author_name": "", "version": "1.0", "author_url": "https://acervo.praiagrande.sp.leg.br/author/artur", "provider_name": "C\u00e2mara Municipal da Est\u00e2ncia Balne\u00e1ria de Praia Grande", "type": "rich"}