{"provider_url": "https://acervo.praiagrande.sp.leg.br", "title": "AUDI\u00caNCIA P\u00daBLICA", "html": "<p>AUDI\u00caNCIA P\u00daBLICA PARA DISCUSS\u00c3O DO PROJETO DE LEI QUE ESTIMA A RECEITA E FIXA A DESPESA DO MUNIC\u00cdPIO PARA O EXECIC\u00cdO DE 2022 (LEI OR\u00c7AMENT\u00c1RIA ANUAL).</p>\r\n<p>\u00a0</p>\r\n<p>A C\u00e2mara Municipal de Praia Grande promoveu na tarde de ontem (27/10) a Audi\u00eancia P\u00fablica para discuss\u00e3o do Projeto de Lei que Estima a Receita e Fixa a Despesa do munic\u00edpio para o Exerc\u00edcio de 2022 (Lei Or\u00e7ament\u00e1ria Anual), obedecendo \u00e0s normas constitucionais e \u00e0 legisla\u00e7\u00e3o pertinente, a Lei Federal n\u00b0 4.320/64, a Lei Complementar Federal n\u00b0 101/2000 (Lei de Responsabilidade Fiscal \u2013 LRF) e a Lei Complementar Municipal n\u00b0 886/2021 (Lei de Diretrizes Or\u00e7ament\u00e1ria para o exerc\u00edcio de 2022 \u2013 LDO).</p>\r\n<p>A reuni\u00e3o presidida pelo Vice-l\u00edder do Governo, Roberto de Andrade Silva, que deu \u00e0 palavra ao Secret\u00e1rio de Finan\u00e7as, Cristiano Mola e sua equipe t\u00e9cnica o Diretor de Divis\u00e3o de Controle e An\u00e1lise de Resultados, Benedito Evandro Francisco de Souza e a Subsecret\u00e1ria, Aparecida Regina Firmino da Silva, para a demonstra\u00e7\u00e3o do planejamento or\u00e7ament\u00e1rio do ano seguinte.</p>\r\n<p>Estiveram presentes os Secret\u00e1rios Municipais, que responderam por suas respectivas secretarias, sanando as d\u00favidas dos Parlamentares que participaram da Audi\u00eancia P\u00fablica.</p>\r\n<p><a class=\"external-link\" href=\"https://www.praiagrande.sp.leg.br/institucional/fotos/audiencia-publica-4/\" target=\"_self\" title=\"https://www.praiagrande.sp.leg.br/institucional/fotos/audiencia-publica-4/\">Clique aqui para mais fotos</a></p>", "author_name": "", "version": "1.0", "author_url": "https://acervo.praiagrande.sp.leg.br/author/lais", "provider_name": "C\u00e2mara Municipal da Est\u00e2ncia Balne\u00e1ria de Praia Grande", "type": "rich"}