{"provider_url": "https://acervo.praiagrande.sp.leg.br", "title": "AUDI\u00caNCIA P\u00daBLICA ", "html": "<div class=\"kvgmc6g5 cxmmr5t8 oygrvhab hcukyx3x c1et5uql ii04i59q\">\r\n<div dir=\"auto\">A C\u00e2mara Municipal de Praia Grande, em atendimento ao requerimento do nobre Vereador Whelliton Silva, convida a popula\u00e7\u00e3o para a Audi\u00eancia P\u00fablica sobre a \u201cREFORMA DA PREVID\u00caNCIA MUNICIPAL EM PRAIA GRANDE\u201d, a ser realizada, na C\u00e2mara Municipal.</div>\r\n<div dir=\"auto\"></div>\r\n</div>\r\n<div class=\"o9v6fnle cxmmr5t8 oygrvhab hcukyx3x c1et5uql ii04i59q\">\r\n<div dir=\"auto\">Local: Pra\u00e7a Vereador Vital Muniz, 01- Boqueir\u00e3o.</div>\r\n<div dir=\"auto\">Data: 30 de setembro de 2021, \u00e0s 19:00 horas</div>\r\n</div>", "author_name": "", "version": "1.0", "author_url": "https://acervo.praiagrande.sp.leg.br/author/lais", "provider_name": "C\u00e2mara Municipal da Est\u00e2ncia Balne\u00e1ria de Praia Grande", "type": "rich"}