{"provider_url": "https://acervo.praiagrande.sp.leg.br", "title": "AUDI\u00caNCIA P\u00daBLICA ", "html": "<p>Na noite de sexta-feira (29/04), ocorreu no Plen\u00e1rio da C\u00e2mara Municipal de Praia Grande a Audi\u00eancia P\u00fablica que apura a legalidade e o direito adquirido da incorpora\u00e7\u00e3o da gratifica\u00e7\u00e3o para fins de aposentadoria, presidido pelo Vereador Emerson Camargo.<br /> <br /> Os servidores p\u00fablicos que atuam na Estrat\u00e9gia da Sa\u00fade da Fam\u00edlia (ESF) receberam gratifica\u00e7\u00e3o pela fun\u00e7\u00e3o desde 2008. A Lei Complementar 823/2019 garante a esses funcion\u00e1rios a incorpora\u00e7\u00e3o do valor do benef\u00edcio na aposentadoria, por\u00e9m, desde setembro de 2021 o T\u00edtulo de incorpora\u00e7\u00e3o vem sendo negado pelo IPMPG.<br /> <br /> Estiveram presentes na Audi\u00eancia P\u00fablica, os Parlamentares: Jos\u00e9 Carlos dos Santos (Ze\u00e3o), Whelliton Augusto Silva e a Michele Quintas.</p>\r\n<p><a class=\"external-link\" href=\"https://www.praiagrande.sp.leg.br/institucional/fotos/audiencia-publica-6/\" target=\"_self\" title=\"https://www.praiagrande.sp.leg.br/institucional/fotos/audiencia-publica-6/\">clique aqui para mais fotos</a></p>", "author_name": "", "version": "1.0", "author_url": "https://acervo.praiagrande.sp.leg.br/author/lais", "provider_name": "C\u00e2mara Municipal da Est\u00e2ncia Balne\u00e1ria de Praia Grande", "type": "rich"}