{"provider_url": "https://acervo.praiagrande.sp.leg.br", "title": "AUDI\u00caNCIA P\u00daBLICA", "html": "<p>Na data de ontem (21 de outubro), foi aberta a Audi\u00eancia P\u00fablica pelo Presidente da casa Legislativa, Edinaldo dos Santos Passos, o Reco, para averigua\u00e7\u00e3o do Projeto de Lei que estima a receita e fixa a despesa do Munic\u00edpio para o exerc\u00edcio de 2020 (Lei Or\u00e7ament\u00e1ria Anual).</p>\r\n<p>\u00a0</p>\r\n<p>O secret\u00e1rio adjunto de Planejamento e Controle Or\u00e7ament\u00e1rio, Cristiano Mola, apresentou a estimativa da receita para o ano de 2020, no valor total de R$ 1.681.466.663,00.</p>\r\n<p>\u00a0</p>\r\n<p>Estiveram presentes na Audi\u00eancia P\u00fablica, os Vereadores Eduardo Rodrigues Xavier, Vereador Hugulino Alves Ribeiro, Janaina Ballaria, Marcelino Santos Gomes, Leandro Rodrigues Cruz, Marco Ant\u00f4nio de Souza (Marquinhos), Roberto de Andrade Silva (Betinho), Paulo Emilio de Oliviera e o Vereador Dimas Ant\u00f4nio Gon\u00e7alves.</p>\r\n<p>\u00a0</p>\r\n<p>Ap\u00f3s a Audi\u00eancia P\u00fablica o projeto passar\u00e1 por duas vota\u00e7\u00f5es durante as Sess\u00f5es Ordin\u00e1rias. As Sess\u00f5es ocorrem todas as ter\u00e7as-feiras, \u00e0 partir das 10 horas, e podem ser assistidas ao vivo na P\u00e1gina Oficial da C\u00e2mara no Facebook, (<a href=\"http://www.facebook.com/camarapg\">http://www.facebook.com/camarapg</a>).</p>\r\n<p>\u00a0</p>\r\n<p><a class=\"external-link\" href=\"http://www.praiagrande.sp.leg.br/institucional/fotos/audiencia-publica-do-projeto-de-lei-que-estima-a-receita-e-fixa-a-despesa-do-municipio-para-o-exericio-de-2020/\" target=\"_self\" title=\"https://www.praiagrande.sp.leg.br/institucional/fotos/audiencia-publica-do-projeto-de-lei-que-estima-a-receita-e-fixa-a-despesa-do-municipio-para-o-exericio-de-2020/\">MAIS FOTOS DA SESS\u00c3O</a></p>\r\n<p>\u00a0</p>\r\n<p>\u00a0</p>\r\n<p>\u00a0</p>\r\n<p>\u00a0</p>\r\n<p>\u00a0</p>", "author_name": "", "version": "1.0", "author_url": "https://acervo.praiagrande.sp.leg.br/author/lais", "provider_name": "C\u00e2mara Municipal da Est\u00e2ncia Balne\u00e1ria de Praia Grande", "type": "rich"}