{"provider_url": "https://acervo.praiagrande.sp.leg.br", "title": "AMANH\u00c3 TEM SESS\u00c3O ", "html": "<div dir=\"auto\">A C\u00e2mara Municipal de Praia Grande realizar\u00e1 amanh\u00e3, 12 de setembro, a 28\u00aa Sess\u00e3o Ordin\u00e1ria do ano de 2023.</div>\r\n<div dir=\"auto\">O evento ter\u00e1 in\u00edcio \u00e0s 10h, \u00e9 aberto ao p\u00fablico e ser\u00e1 transmitido ao vivo na P\u00e1gina Oficial da C\u00e2mara no Facebook (<span><a class=\"x1i10hfl xjbqb8w x6umtig x1b1mbwd xaqea5y xav7gou x9f619 x1ypdohk xt0psk2 xe8uvvx xdj266r x11i5rnm xat24cr x1mh8g0r xexx8yu x4uap5 x18d9i69 xkhd6sd x16tdsg8 x1hl2dhg xggy1nq x1a2a7pz xt0b8zv x1qq9wsj xo1l8bm\" href=\"https://www.facebook.com/camarapg?__cft__[0]=AZWMxfSO00toYu7VDmEffBcmllrGNLBlUL7nJww6wSbTTNgwfUwllHJKCjtK2n7TFbAfjNf81vzmnStaMmBgQwIvRKPl-E2PdMdWlOELLHoqmRMkhNymYqqw8CvQTlodCUBpDNVPa602VKVymf4_SyH2rDyVOxgNAVVYQCREAzFUbXnAalrraf2M8eDd4XjWwFc&amp;__tn__=-]K-R\" tabindex=\"0\"><span class=\"xt0psk2\">http://www.facebook.com/camarapg</span></a></span>), no YouTube, TV Unisantos (canal fechado 12 e canal aberto 40.1) e R\u00e1dio P\u00e9rola FM 104,9.</div>\r\n<div dir=\"auto\">A C\u00e2mara Municipal de Praia Grande fica na Pra\u00e7a Vereador Vital Muniz, 01 \u2013 Boqueir\u00e3o.</div>", "author_name": "", "version": "1.0", "author_url": "https://acervo.praiagrande.sp.leg.br/author/lais", "provider_name": "C\u00e2mara Municipal da Est\u00e2ncia Balne\u00e1ria de Praia Grande", "type": "rich"}