{"provider_url": "https://acervo.praiagrande.sp.leg.br", "title": "AMANH\u00c3 TEM SESS\u00c3O!", "html": "<div dir=\"auto\">Ser\u00e1 realizada amanh\u00e3, dia 28 de maio, a 17\u00aa Sess\u00e3o Ordin\u00e1ria do ano de 2024 da C\u00e2mara Municipal de Praia Grande.</div>\r\n<div dir=\"auto\">Os trabalhos se iniciam \u00e0s 10h e s\u00e3o abertos \u00e0 presen\u00e7a da popula\u00e7\u00e3o.</div>\r\n<div dir=\"auto\">A C\u00e2mara Municipal de Praia Grande fica na Pra\u00e7a Vereador Vital Muniz, 01 \u2013 Boqueir\u00e3o.</div>\r\n<div dir=\"auto\">As Sess\u00f5es Ordin\u00e1rias do Legislativo praiagrandense t\u00eam transmiss\u00e3o ao vivo pela P\u00e1gina Oficial da C\u00e2mara no Facebook (<span class=\"html-span xdj266r x11i5rnm xat24cr x1mh8g0r xexx8yu x4uap5 x18d9i69 xkhd6sd x1hl2dhg x16tdsg8 x1vvkbs\"><a class=\"x1i10hfl xjbqb8w x1ejq31n xd10rxx x1sy0etr x17r0tee x972fbf xcfux6l x1qhh985 xm0m39n x9f619 x1ypdohk xt0psk2 xe8uvvx xdj266r x11i5rnm xat24cr x1mh8g0r xexx8yu x4uap5 x18d9i69 xkhd6sd x16tdsg8 x1hl2dhg xggy1nq x1a2a7pz x1sur9pj xkrqix3 x1fey0fg xo1l8bm\" href=\"https://www.facebook.com/camarapg?__cft__[0]=AZWVywHt3t4nxGd0JurU0iBOENEOlAfqiYszoTwVpB2VNl-qLaPn7l2aoi2CpbKQizslTt-gwO4KzZeRjGz_cjI2_QkrmLZsAo9rryF7YpJdH1uqfuva3IsvsnkWHZwd-7V7nArTTF6ZAUvtsHTjAt0p0x_EF7WhXbywvsg_zgijTA&amp;__tn__=-]K-R\" tabindex=\"0\"><span class=\"xt0psk2\">http://www.facebook.com/camarapg</span></a></span>), pelo YouTube, pela TV Unisantos (canal fechado 12 e canal <span class=\"html-span xdj266r x11i5rnm xat24cr x1mh8g0r xexx8yu x4uap5 x18d9i69 xkhd6sd x1hl2dhg x16tdsg8 x1vvkbs\"><a tabindex=\"-1\"></a></span>aberto 40.1) e pela R\u00e1dio P\u00e9rola FM 104,9.</div>", "author_name": "", "version": "1.0", "author_url": "https://acervo.praiagrande.sp.leg.br/author/lais", "provider_name": "C\u00e2mara Municipal da Est\u00e2ncia Balne\u00e1ria de Praia Grande", "type": "rich"}