{"provider_url": "https://acervo.praiagrande.sp.leg.br", "title": "9\u00b0 SESS\u00c3O ORDIN\u00c1RIA ", "html": "<p>9\u00aa SESS\u00c3O ORDIN\u00c1RIA</p>\r\n<p>Ocorreu na tarde de hoje (29 de mar\u00e7o) a reuni\u00e3o semanal da C\u00e2mara Municipal de Praia Grande, que contou em sua pauta da Ordem do Dia com 8 (oito) proposituras para a aprecia\u00e7\u00e3o e vota\u00e7\u00e3o dos Vereadores em Plen\u00e1rio, sendo 3 (tr\u00eas) aprovadas em primeira discuss\u00e3o e 5 (cinco) aprovadas em discuss\u00e3o \u00fanica.</p>\r\n<p>A aus\u00eancia dos Parlamentares Rodrigo Ros\u00e1rio e M\u00e1rcio Glauber, se justifica por estarem no Congresso Estadual de Munic\u00edpio. O evento est\u00e1 ocorrendo desde a data de ontem e ir\u00e1 at\u00e9 o dia 30 de mar\u00e7o, em Campos de Jord\u00e3o.</p>\r\n<p>Os Projetos aprovados em primeira discuss\u00e3o foram:</p>\r\n<p>Projeto de Lei n\u00ba 24 de 2022, de autoria da Vereadora Michele Correia Quintas dos Santos, que Institui na Est\u00e2ncia Balne\u00e1ria de Praia Grande, o dia da Mulher Empreendedora.</p>\r\n<p>Projeto de Lei n\u00ba 28 de 2022, de autoria do Vereador Whelliton Augusto Silva, que Institui a Campanha Permanente de Orienta\u00e7\u00e3o e Conscientiza\u00e7\u00e3o sobre o descarte adequado do lixo no Munic\u00edpio de Praia Grande.</p>\r\n<p>Proposta de Emenda \u00e0 L.O. n\u00ba 2 de 2022, de autoria da Mesa Diretora, que d\u00e1 nova reda\u00e7\u00e3o ao caput do artigo 15 da Lei n\u00ba 681, de 06 de abril de 1990, que instituiu a Lei Org\u00e2nica da Est\u00e2nica Balne\u00e1ria de Praia Grande.</p>\r\n<p>Em discuss\u00e3o \u00fanica foram aprovadas as Mo\u00e7\u00f5es:</p>\r\n<p>Mo\u00e7\u00e3o n\u00ba 12 de 2022, de autoria da Vereadora Vera Lucia Figueiredo Benicio, de Aplausos a todos os m\u00e9dicos e funcion\u00e1rios que fizeram parte do Pronto Atendimento de S\u00edndromes Gripais do Gin\u00e1sio Falc\u00e3o.</p>\r\n<p>Mo\u00e7\u00e3o n\u00ba 13 de 2022, de autoria do Vereador Rodrigo Penasso da Silva, de Aplausos aos atletas Bruno de Souza e Matheus Victor Silva da equipe \"Hulck Fights\" pelas medalhas conquistadas no Campeonato Brasileiro S\u00eanior de Wrestling 2022 e Campeonato Brasileiro Sub-17.</p>\r\n<p>Mo\u00e7\u00e3o n\u00ba 14 de 2022, de autoria do Vereador Marcos Rog\u00e9rio C\u00e2mara, de Aplausos ao Sistema de Comunica\u00e7\u00f5es A Tribuna e todos os seus funcion\u00e1rios pelos seus trinta anos de exist\u00eancia e bons servi\u00e7os prestados na \u00e1rea de informa\u00e7\u00e3o e entretenimentos a todas as cidades que comp\u00f5em a regi\u00e3o Metropolitana da Baixada Santista e Vale do Ribeira.</p>\r\n<p>Mo\u00e7\u00e3o n\u00ba 15 de 2022, de autoria do Vereador Francisco de Ara\u00fajo Lima Junior, de Aplausos aos servidores Guardas Municipais, Yuri Peixoto Rodrigues do Nascimento, Edgar de Figueiredo Ferreira e Leila Pedroso Dur\u00e3es, pelo aux\u00edlio prestado a um carrinheiro que teve seu autom\u00f3vel atolado na areia da praia ao rebocar seu carrinho de trabalho.</p>\r\n<p>Em discuss\u00e3o \u00fanica foi aprovado o Projeto de Decreto Legislativo n\u00ba 8 de 2022, de autoria do Vereador M\u00e1rcio Castilho, que Outorga a Medalha de Honra ao M\u00e9rito \"Cez\u00e1rio Reis Lima\" ao Sr. Marco Antonio da Silva e adota provid\u00eancias correlatas.</p>\r\n<p>Os projetos aprovados em primeira discuss\u00e3o voltar\u00e3o ao plen\u00e1rio na pr\u00f3xima sess\u00e3o, para segunda e final discuss\u00e3o, e ap\u00f3s isso, ser\u00e3o encaminhados para a san\u00e7\u00e3o do Executivo.</p>\r\n<p>As Sess\u00f5es ocorrem todas as ter\u00e7as-feiras, \u00e0 partir das 14 horas, e podem ser assistidas ao vivo na P\u00e1gina Oficial da C\u00e2mara no Facebook, (http://www.facebook.com/camarapg).</p>\r\n<p><a class=\"external-link\" href=\"https://www.praiagrande.sp.leg.br/institucional/fotos/9deg-sessao-ordinaria/\" target=\"_self\" title=\"https://www.praiagrande.sp.leg.br/institucional/fotos/9deg-sessao-ordinaria/\">CLIQUE AQUI PARA MAIS FOTOS</a></p>", "author_name": "", "version": "1.0", "author_url": "https://acervo.praiagrande.sp.leg.br/author/lais", "provider_name": "C\u00e2mara Municipal da Est\u00e2ncia Balne\u00e1ria de Praia Grande", "type": "rich"}