{"provider_url": "https://acervo.praiagrande.sp.leg.br", "title": "7\u00aa SESS\u00c3O ORDIN\u00c1RIA 21/03/2023", "html": "<p>Na tarde de hoje (21/03), foi realizada a 7\u00aa Sess\u00e3o Ordin\u00e1ria, da 3\u00aa Sess\u00e3o Legislativa, da 13\u00aa Legislatura da C\u00e2mara Municipal de Praia Grande. Na sess\u00e3o, conduzida pela vice-presidente da C\u00e2mara, vereadora Vera Ben\u00edcio, n\u00e3o houve proposituras a serem votadas durante a Ordem do Dia.</p>\r\n<p><span>As Sess\u00f5es Ordin\u00e1rias s\u00e3o realizadas todas as ter\u00e7as-feiras, \u00e0s 14h, no Plen\u00e1rio da C\u00e2mara Municipal de Praia Grande e transmitidas ao vivo na P\u00e1gina Oficial da C\u00e2mara no Facebook (</span><a href=\"http://www.facebook.com/camarapg\">http://www.facebook.com/camarapg</a><span>), no YouTube e TV Unisantos (canal fechado 12 e canal aberto 40.1).</span></p>\r\n<p>\u00a0</p>\r\n<p><a class=\"external-link\" href=\"https://www.praiagrande.sp.leg.br/institucional/fotos/7a-sessao-ordinaria/\" target=\"_self\" title=\"https://www.praiagrande.sp.leg.br/institucional/fotos/7a-sessao-ordinaria/\">Clique aqui para mais fotos</a></p>", "author_name": "", "version": "1.0", "author_url": "https://acervo.praiagrande.sp.leg.br/author/artur", "provider_name": "C\u00e2mara Municipal da Est\u00e2ncia Balne\u00e1ria de Praia Grande", "type": "rich"}