{"provider_url": "https://acervo.praiagrande.sp.leg.br", "title": "5\u00b0 SESS\u00c3O ORDIN\u00c1RIA ", "html": "<p>Ocorreu na tarde de hoje (04 de mar\u00e7o) a reuni\u00e3o semanal da C\u00e2mara Municipal de Praia Grande, que contou em sua pauta da Ordem do Dia com 2 (duas) proposituras para a aprecia\u00e7\u00e3o e vota\u00e7\u00e3o dos Vereadores em Plen\u00e1rio, sendo uma de primeira discuss\u00e3o e uma de discuss\u00e3o \u00fanica.</p>\r\n<p><br />O Suplente do Partido PTB, M\u00e1rcio Castilho (Marcinho MJ), tomou posse do cargo de Parlamentar, substituindo o Vereador Carlos Eduardo Barbosa (Cadu) por 30 dias.</p>\r\n<p><br />Foi aprovado em primeira discuss\u00e3o, o Projeto de Lei n\u00ba 21 de 2022, de autoria do Executivo Municipal, que disp\u00f5e sobre a autoriza\u00e7\u00e3o para abertura de Cr\u00e9dito Adicional Suplementar e Especial, e a utiliza\u00e7\u00e3o dos Institutos Constitucionais e dota\u00e7\u00f5es or\u00e7ament\u00e1rias no Or\u00e7amento vigente.</p>\r\n<p><br />Foi aprovado em discuss\u00e3o \u00fanica, a Mo\u00e7\u00e3o n\u00ba 6 de 2022, de autoria do Vereador R\u00f4mulo Brasil Rebou\u00e7as.</p>\r\n<p>O projeto aprovado em primeira discuss\u00e3o, voltar\u00e1 ao plen\u00e1rio na pr\u00f3xima ter\u00e7a-feira (08/03), \u00e0s 14 horas, para segunda e final discuss\u00e3o, e ap\u00f3s isso, ser\u00e1 encaminhada para a san\u00e7\u00e3o do Executivo.</p>\r\n<p><a title=\"https://www.praiagrande.sp.leg.br/institucional/fotos/5deg-sessao-ordinaria-2/\" href=\"https://acervo.praiagrande.sp.leg.br/institucional/fotos/5deg-sessao-ordinaria-2/\" class=\"external-link\" target=\"_self\">Clique aqui para mais fotos\u00a0</a></p>", "author_name": "", "version": "1.0", "author_url": "https://acervo.praiagrande.sp.leg.br/author/lais", "provider_name": "C\u00e2mara Municipal da Est\u00e2ncia Balne\u00e1ria de Praia Grande", "type": "rich"}