{"provider_url": "https://acervo.praiagrande.sp.leg.br", "title": "5\u00b0. Sess\u00e3o Ordin\u00e1ria", "html": "<p>Foi realizado nesta manh\u00e3 (03 de mar\u00e7o) a 5\u00b0 Sess\u00e3o Ordin\u00e1ria, que ocorre todas as ter\u00e7as feiras \u00e0s 10 horas na C\u00e2mara Municipal de Praia Grande. Na Ordem do Dia contou em sua pauta com 7 proposituras para a aprecia\u00e7\u00e3o e vota\u00e7\u00e3o dos Vereadores em Plen\u00e1rio, sendo seis (3) aprovadas em discuss\u00e3o \u00fanica e quatro (4) em primeira discuss\u00e3o.</p>\r\n<p>Os projetos aprovados em primeira discuss\u00e3o foram:</p>\r\n<p>-\u00a0<a href=\"https://sapl.praiagrande.sp.leg.br/materia/4963\">Projeto de Lei n\u00ba 6 de 2020</a>, de autoria do Vereador Leandro Avelino Rodrigues Cruz, que institui no calend\u00e1rio comemorativo de Praia Grande a data que especifica. (Dia Municipal do Oceano)</p>\r\n<p>-\u00a0<a href=\"https://sapl.praiagrande.sp.leg.br/materia/2757\">Projeto de Lei n\u00ba 36 de 2019</a>, de autoria do Vereador Hugulino Alves Ribeiro, que declara de Utilidade P\u00fablica a Associa\u00e7\u00e3o Amigos do Bairro Princesa e adota provid\u00eancias correlatas.</p>\r\n<p>-\u00a0<a href=\"https://sapl.praiagrande.sp.leg.br/materia/4961\">Projeto de Lei n\u00ba 4 de 2020</a>, de autoria do Vereador Carlos Eduardo Barbosa, o Cadu, que pro\u00edbe no \u00e2mbito do Munic\u00edpio de Praia Grande a confer\u00eancia/revista de produtos adquiridos pelo consumidor em supermercados e similares ap\u00f3s o pagamento das compras no caixa.</p>\r\n<p>-\u00a0<a href=\"https://sapl.praiagrande.sp.leg.br/materia/4964\">Projeto de Lei n\u00ba 7 de 2020</a>, de autoria tamb\u00e9m do Vereador Carlos Eduardo Barbosa, que pro\u00edbe o manuseio, a queima e a soltura de fogos de estampidos e de artif\u00edcio, assim como de quaisquer artefatos pirot\u00e9cnicos de efeito sonoro ruidoso no Munic\u00edpio de Praia Grande, e d\u00e1 outras provid\u00eancias.</p>\r\n<p>Foram aprovados em discuss\u00e3o \u00fanica:</p>\r\n<p>-\u00a0<a href=\"https://sapl.praiagrande.sp.leg.br/materia/5213\">Mo\u00e7\u00e3o de Aplausos n\u00ba 4 de 2020</a>, de autoria do Vereador Hugulino Alves Ribeiro a Equipe de Investiga\u00e7\u00e3o do 1\u00ba DP de Praia Grande, pelo excelente trabalho de investiga\u00e7\u00e3o at\u00e9 efetuar a captura do Sr. Paulo Jos\u00e9 Machado de Oliveira Ferraz, procurado por latroc\u00ednio.\u00a0</p>\r\n<p>-\u00a0<a href=\"https://sapl.praiagrande.sp.leg.br/materia/5214\">Mo\u00e7\u00e3o de Apoio n\u00ba 5 de 2020</a>, de autoria do Vereador Jo\u00e3o Alves Correa Neto \u00e0 PEC 15 (Proposta de Emenda \u00e0 Constitui\u00e7\u00e3o do Estado) e ao Projeto de Lei encaminhado \u00e0 Assembleia Legislativa de S\u00e3o Paulo, com o prop\u00f3sito de reintegrar aos quadros de funcion\u00e1rios do Estado de S\u00e3o Paulo, os Policiais Militares, Civis e Penais injusti\u00e7ados.</p>\r\n<p>- <a href=\"https://sapl.praiagrande.sp.leg.br/materia/5093\">Requerimento n\u00ba 40 de 2020</a>, de autoria da Vereadora Janaina Ballaris, que requer seja enviado of\u00edcio ao Sr. Prefeito Alberto Pereira Mour\u00e3o, \u00e0 Associa\u00e7\u00e3o Paulista para o Desenvolvimento da Medicina - SPDM e ao Conselho de Medicina do Estado de S\u00e3o Paulo - CREMESP para que responda aos questionamentos acerca da transpar\u00eancia na presta\u00e7\u00e3o de contas da SPDM na gest\u00e3o de 3 unidades de sa\u00fade em Praia Grande.\u00a0</p>\r\n<p>A Casa de Leis teve a presen\u00e7a do cantor mirim Felipinho, 14 anos de idade, morador na cidade de Praia Grande, que est\u00e1 conquistando o cora\u00e7\u00e3o brasileiro no programa The Voice Kids 2020.</p>\r\n<p>\u00a0Os projetos aprovados em primeira discuss\u00e3o voltar\u00e3o ao plen\u00e1rio na pr\u00f3xima sess\u00e3o, para segunda e final discuss\u00e3o, e ap\u00f3s isso, ser\u00e3o encaminhados para a san\u00e7\u00e3o do Executivo.</p>\r\n<p>As Sess\u00f5es ocorrem todas as ter\u00e7as-feiras, \u00e0 partir das 10 horas, e podem ser assistidas ao vivo na P\u00e1gina Oficial da C\u00e2mara no Facebook, (<a href=\"http://www.facebook.com/camarapg\">http://www.facebook.com/camarapg</a>).</p>\r\n<p><a class=\"external-link\" href=\"https://www.praiagrande.sp.leg.br/institucional/fotos/5deg-sessao-ordinaria/\" target=\"_self\" title=\"https://www.praiagrande.sp.leg.br/institucional/fotos/5deg-sessao-ordinaria/\">Clique aqui para mais fotos da Sess\u00e3o</a></p>\r\n<p>\u00a0</p>", "author_name": "", "version": "1.0", "author_url": "https://acervo.praiagrande.sp.leg.br/author/lais", "provider_name": "C\u00e2mara Municipal da Est\u00e2ncia Balne\u00e1ria de Praia Grande", "type": "rich"}