{"provider_url": "https://acervo.praiagrande.sp.leg.br", "title": "5\u00aa Sess\u00e3o Extraordin\u00e1ria ", "html": "<p><span>Ocorreu hoje (29/05) na C\u00e2mara Municipal de Praia Grande a 5\u00aa Sess\u00e3o Extraordin\u00e1ria. A Sess\u00e3o contou apenas com uma propositura <span>para a aprecia\u00e7\u00e3o e vota\u00e7\u00e3o dos Vereadores em Plen\u00e1rio.</span></span></p>\r\n<p><span>O Projeto de Lei n\u00ba 28 de 2020, </span><span>de autoria do E</span><span>xecutivo Municipal, </span><span>que autoriza o Poder Executivo a repassar ao Centro de Aprendizagem e Met\u00f3dica e Pr\u00e1tica de Praia Grande - CAMP-PG, verba destinada ao pagamento das obriga\u00e7\u00f5es sociais e trabalhistas decorrente do registro em CTPS dos menores aprendizes, em raz\u00e3o do Termo de Fomento n\u00ba 015/18, teve aprova\u00e7\u00e3o de todos os Vereadores presentes na Sess\u00e3o.</span><span></span></p>\r\n<p><a class=\"external-link\" href=\"https://www.praiagrande.sp.leg.br/institucional/fotos/5a-sessao-extraordinaria/\" target=\"_self\" title=\"https://www.praiagrande.sp.leg.br/institucional/fotos/5a-sessao-extraordinaria/\">clique aqui para mais fotos</a></p>", "author_name": "", "version": "1.0", "author_url": "https://acervo.praiagrande.sp.leg.br/author/lais", "provider_name": "C\u00e2mara Municipal da Est\u00e2ncia Balne\u00e1ria de Praia Grande", "type": "rich"}