{"provider_url": "https://acervo.praiagrande.sp.leg.br", "title": "5\u00aa e 6\u00aa SESS\u00d5ES EXTRAORDIN\u00c1RIAS", "html": "<p><span>Foi alterada para sexta-feira (14/04), a data da realiza\u00e7\u00e3o das 5\u00aa e 6\u00aa sess\u00f5es extraordin\u00e1rias da C\u00e2mara Municipal de Praia Grande. O encontro ter\u00e1 in\u00edcio \u00e0s 14h e ser\u00e1 aberto ao p\u00fablico. Tamb\u00e9m haver\u00e1 transmiss\u00e3o ao vivo na P\u00e1gina Oficial da C\u00e2mara no Facebook (</span><span><a class=\"x1i10hfl xjbqb8w x6umtig x1b1mbwd xaqea5y xav7gou x9f619 x1ypdohk xt0psk2 xe8uvvx xdj266r x11i5rnm xat24cr x1mh8g0r xexx8yu x4uap5 x18d9i69 xkhd6sd x16tdsg8 x1hl2dhg xggy1nq x1a2a7pz xt0b8zv x1qq9wsj xo1l8bm\" href=\"https://www.facebook.com/camarapg?__cft__[0]=AZU6tZ6KAwXrmobieYOefYbyaIt5K6ARuFbF0ux9yAYHL1NExEFt9LX8vfNF8V3SNFlj3HVxZzcEqmd3rV-tYrVmv7uMLDkywwwojm1y7zb41OmZDZOg9vCd78lvfk7fxKulzTZCY6klBedhx0J-anAe6xnuwxqcRxcGrabtzY9I93Qvw1PFezsg3Wmu1mPXCCo&amp;__tn__=-]K-R\" tabindex=\"0\"><span class=\"xt0psk2\">http://www.facebook.com/camarapg</span></a></span><span>) e no YouTube. A C\u00e2mara Municipal de Praia Grande fica na Pra\u00e7a Vereador Vital Muniz, 01 \u2013 Boqueir\u00e3o.</span></p>", "author_name": "", "version": "1.0", "author_url": "https://acervo.praiagrande.sp.leg.br/author/artur", "provider_name": "C\u00e2mara Municipal da Est\u00e2ncia Balne\u00e1ria de Praia Grande", "type": "rich"}