{"provider_url": "https://acervo.praiagrande.sp.leg.br", "title": "4\u00b0. Sess\u00e3o Ordin\u00e1ria Espec\u00edfica ", "html": "<p>Ocorreu na data de hoje (28 de fevereiro), a 4\u00aa Sess\u00e3o Ordin\u00e1ria da 4\u00aa Sess\u00e3o Legislativa da 12\u00aa Legislatura, que discute sobre o or\u00e7amento Municipal.</p>\r\n<p>As Sess\u00f5es em que se discutem o or\u00e7amento Municipal s\u00e3o espec\u00edficas, contendo somente este item na pauta, conforme o Artigo 195, do regimento interno da C\u00e2mara.</p>\r\n<p>O projeto de Decreto Legislativo n\u00b0 1 de 2020 de autoria da Mesa Diretora, que disp\u00f5e sobre as contas da Prefeitura da Est\u00e2ncia Balne\u00e1ria de Praia Grande, relativas ao Exerc\u00edcio de 2017, teve aprova\u00e7\u00e3o dos vereadores presentes, sendo discuss\u00e3o \u00fanica.</p>\r\n<p>As Sess\u00f5es ocorrem todas as ter\u00e7as-feiras, \u00e0 partir das 10 horas, e podem ser assistidas ao vivo na P\u00e1gina Oficial da C\u00e2mara no Facebook, (<a href=\"http://www.facebook.com/camarapg\">http://www.facebook.com/camarapg</a>).</p>\r\n<p><a class=\"external-link\" href=\"https://www.praiagrande.sp.leg.br/institucional/fotos/4deg-sessao-ordinaria-especifica\" target=\"_self\" title=\"https://www.praiagrande.sp.leg.br/institucional/fotos/4deg-sessao-ordinaria-especifica\">Clique aqui para mais fotos da Sess\u00e3o</a></p>", "author_name": "", "version": "1.0", "author_url": "https://acervo.praiagrande.sp.leg.br/author/lais", "provider_name": "C\u00e2mara Municipal da Est\u00e2ncia Balne\u00e1ria de Praia Grande", "type": "rich"}