{"provider_url": "https://acervo.praiagrande.sp.leg.br", "title": "4\u00b0 SESS\u00c3O ORDIN\u00c1RIA ", "html": "<p>A Plen\u00e1ria desta ter\u00e7a-feira, dia 23 de fevereiro de 2021, n\u00e3o teve projetos \u00e0 serem votados, visto que, esta Casa de Leis foi convidada a participar do encontro nacional dos Legisladores Municipais em Bras\u00edlia.</p>\r\n<p>\u00a0<span>A Comiss\u00e3o Especial de Vereadores tem o objetivo de acompanhar e interceder junto aos Nobres Deputados Federais, solicitando recursos atrav\u00e9s de emendas parlamentares aos Munic\u00edpio, bem como a participa\u00e7\u00e3o de diversas reuni\u00f5es de interesse p\u00fablico, visando fortalecer servi\u00e7os defendidos pelos Vereadores de Praia Grande junto ao Governo Federal.</span></p>\r\n<p>\u00a0<span>Fazem parte da Comiss\u00e3o Especial de Vereadores, que foram \u00e0 Bras\u00edlia representar a C\u00e2mara Municipal de Praia Grande, os Vereadores: Carlos Eduardo Barbosa, Natanael Vieira de Oliveira, Paulo Cesar Monteiro Silveira, M\u00e1rcio Glauber Vicente de Oliveira, Rodrigo Ros\u00e1rio dos Santos, Michele Correia Quintas dos Santos, Francisco de Ara\u00fajo Lima J\u00fanios (Gugu Mil Grau) e Whelliton Augusto Silva.</span></p>\r\n<p>\u00a0<span>Os Parlamentares presentes na Sess\u00e3o apresentaram seus trabalhos, indica\u00e7\u00f5es e requerimentos.</span></p>\r\n<p>\u00a0<span>As Sess\u00f5es ocorrem todas as ter\u00e7as-feiras, \u00e0 partir das 10 horas, e podem ser assistidas ao vivo na P\u00e1gina Oficial da C\u00e2mara no Facebook, (</span><a href=\"http://www.facebook.com/camarapg\">http://www.facebook.com/camarapg</a><span>).</span></p>\r\n<p><a title=\"https://www.praiagrande.sp.leg.br/institucional/fotos/4a-sessao-ordinaria\" href=\"https://acervo.praiagrande.sp.leg.br/institucional/fotos/4a-sessao-ordinaria\" class=\"external-link\" target=\"_self\">Clique aqui para mais fotos da sess\u00e3o\u00a0</a></p>", "author_name": "", "version": "1.0", "author_url": "https://acervo.praiagrande.sp.leg.br/author/lais", "provider_name": "C\u00e2mara Municipal da Est\u00e2ncia Balne\u00e1ria de Praia Grande", "type": "rich"}