{"provider_url": "https://acervo.praiagrande.sp.leg.br", "title": "4\u00aa SESS\u00c3O ORDIN\u00c1RIA ", "html": "<p>Foi realizada na tarde de hoje (28/02), a 4\u00aa Sess\u00e3o Ordin\u00e1ria da C\u00e2mara Municipal de Praia Grande. Na Ordem do Dia, uma propositura foi rejeitada em discuss\u00e3o \u00fanica:</p>\r\n<p>- \u00a0Requerimento n\u00ba 32 de 2023, de autoria do vereador Rodrigo Ros\u00e1rio dos Santos, que trata sobre ind\u00edcios de fraude no Instituto de Previd\u00eancia Municipal de Praia Grande \u2013 IPMPG. Avalia\u00e7\u00e3o de terrenos transferidos como Da\u00e7\u00e3o em Pagamento pelo Executivo Municipal.</p>\r\n<p>As Sess\u00f5es Ordin\u00e1rias s\u00e3o realizadas todas as ter\u00e7as-feiras, \u00e0s 14h, no Plen\u00e1rio da C\u00e2mara Municipal de Praia Grande e transmitidas ao vivo na P\u00e1gina Oficial da C\u00e2mara no Facebook (http://www.facebook.com/camarapg), no YouTube e TV Unisantos (canal fechado 12 e canal aberto 40.1).</p>\r\n<p><b>Tribuna Livre.</b> Ap\u00f3s a Ordem do Dia, passou-se \u00e0 Tribuna Livre, espa\u00e7o destinado \u00e0 manifesta\u00e7\u00e3o de Sociedades Amigos de Bairro, movimentos populares, associa\u00e7\u00f5es de moradores e demais entidades municipais que desenvolvam trabalho de car\u00e1ter social ou comunit\u00e1rio na cidade.</p>\r\n<p>A Tribuna Livre deve ser usada para exposi\u00e7\u00e3o de assunto de \u00e2mbito local, que diga respeito ao Munic\u00edpio de Praia Grande, n\u00e3o sendo admitidas manifesta\u00e7\u00f5es sobre assuntos de car\u00e1ter pol\u00edtico\u2013ideol\u00f3gico ou quest\u00f5es pessoais.</p>\r\n<p>Na Sess\u00e3o de hoje, o presidente da AMOFORTE (Associa\u00e7\u00e3o dos Moradores do Bairro Canto do Forte) Leniro Guedes, apresentou sugest\u00e3o de anteprojeto de lei propondo que entidades do terceiro setor possam fixar tendas na faixa de areia da praia, durante fins de semana e feriados, com o intuito de explora\u00e7\u00e3o comercial que retorne em benef\u00edcio da comunidade.</p>\r\n<p><a class=\"external-link\" href=\"https://www.praiagrande.sp.leg.br/institucional/fotos/4a-sessao/\" target=\"_self\" title=\"https://www.praiagrande.sp.leg.br/institucional/fotos/4a-sessao/\">Clique aqui para mais fotos</a></p>", "author_name": "", "version": "1.0", "author_url": "https://acervo.praiagrande.sp.leg.br/author/artur", "provider_name": "C\u00e2mara Municipal da Est\u00e2ncia Balne\u00e1ria de Praia Grande", "type": "rich"}