{"provider_url": "https://acervo.praiagrande.sp.leg.br", "title": "3\u00b0 ENCONTRO SETEMBRO SURDO ", "html": "<p><span>Foi realizado na noite de ontem (29/09), no Plen\u00e1rio da C\u00e2mara Municipal de Praia Grande, o 3\u00ba Encontro\u00a0<span class=\"highlightedsearchterm\"><span>Setembro</span></span>\u00a0<span class=\"highlightedsearchterm\"><span>Surdo</span></span>, evento voltado para a conscientiza\u00e7\u00e3o\u00a0sobre a acessibilidade e a\u00a0comemora\u00e7\u00e3o das conquistas\u00a0obtidas ao longo dos anos pela comunidade surda.\u00a0<span class=\"highlightedsearchterm\"><span>Setembro</span></span>\u00a0\u00e9 o m\u00eas escolhido para essa celebra\u00e7\u00e3o porque, dentre outros avan\u00e7os, \u00e9 o m\u00eas em que se comemora o Dia Nacional do\u00a0<span class=\"highlightedsearchterm\"><span>Surdo</span></span>, em 26/09.</span></p>\r\n<p><span>A Sess\u00e3o foi presidida e organizada pela vereadora Vera Ben\u00edcio. Tamb\u00e9m fizeram parte da Mesa Diretora, o vereador Betinho; Secret\u00e1rio de Cultura e Turismo, Mauricio Petiz; Eliane Mello, assistente social; Wagner Santos Alves da Cruz, Presidente da associa\u00e7\u00e3o dos surdos de SV; M\u00e1rcia Aparecida de Araujo, Terapeuta ocupacional e surda; Valdemir Toledo da Silva J\u00fanior, Professor de libras e Surdo.</span></p>\r\n<p><span>Surdos fizeram apresenta\u00e7\u00f5es musicais e teatrais, emocionando a todos os presentes.</span></p>\r\n<p><span>A vereadora Vera Ben\u00edcio externou sua gratid\u00e3o e felicidade por poder presidir esse importante encontro de inclus\u00e3o.</span></p>\r\n<p>\u00a0</p>\r\n<p><a title=\"https://www.praiagrande.sp.leg.br/institucional/fotos/3deg-encontro-setembro-surdo/\" href=\"https://acervo.praiagrande.sp.leg.br/institucional/fotos/3deg-encontro-setembro-surdo/\" class=\"external-link\" target=\"_self\">Clique aqui para mais fotos</a></p>", "author_name": "", "version": "1.0", "author_url": "https://acervo.praiagrande.sp.leg.br/author/lais", "provider_name": "C\u00e2mara Municipal da Est\u00e2ncia Balne\u00e1ria de Praia Grande", "type": "rich"}