{"provider_url": "https://acervo.praiagrande.sp.leg.br", "title": "39\u00b0 Sess\u00e3o Ordin\u00e1ria Espec\u00edfica ", "html": "<p>Segunda discuss\u00e3o</p>\r\n<p>A Plen\u00e1ria realizou na tarde de ontem, 23 de novembro de 2021, a 39\u00b0 Sess\u00e3o Ordin\u00e1ria da 1\u00aa Sess\u00e3o Legislativa da 13\u00aa Legislatura, que discute sobre o or\u00e7amento Municipal.</p>\r\n<p>As Sess\u00f5es em que se discutem o or\u00e7amento Municipal s\u00e3o espec\u00edficas, contendo somente este item na pauta, conforme o Artigo 195, do regimento interno da C\u00e2mara.</p>\r\n<p>Aprovado na Primeira discuss\u00e3o, realizada no dia 09 de novembro, o <a href=\"https://sapl.praiagrande.sp.leg.br/materia/12950\">Projeto de Lei n\u00ba 248 de 2021</a>, que Estima a Receita e Fixa a Despesa do munic\u00edpio para o Exerc\u00edcio de 2022, tamb\u00e9m foi aprovado (ontem) na segunda e final discuss\u00e3o.</p>\r\n<p>A\u00a0<a href=\"https://sapl.praiagrande.sp.leg.br/materia/6229\">Proposta de Emenda \u00e0 L.O. n\u00ba 2 de 2020</a>, de autoria do Vereador Roberto Andrade e Silva, apresentada na S\u00e9tima Sess\u00e3o Extraordin\u00e1ria, realizada no dia 30 de junho de 2020, que acrescenta o artigo 130-A \u00e0 Lei n\u00ba 681/90, tornou obrigat\u00f3ria a execu\u00e7\u00e3o da programa\u00e7\u00e3o or\u00e7ament\u00e1ria espec\u00edfica, atrav\u00e9s de emendas individuais apresentadas pelos Parlamentares.</p>\r\n<p><a class=\"external-link\" href=\"https://www.praiagrande.sp.leg.br/institucional/fotos/tabela-das-emendas-ao-orcamento-de-2022/\" target=\"_self\" title=\"https://www.praiagrande.sp.leg.br/institucional/fotos/tabela-das-emendas-ao-orcamento-de-2022/\">Link da Tabela das emendas ao or\u00e7amento de 2022</a></p>\r\n<p><a title=\"https://www.praiagrande.sp.leg.br/institucional/fotos/39deg-sessao-especifica\" href=\"https://acervo.praiagrande.sp.leg.br/institucional/fotos/39deg-sessao-especifica\" class=\"external-link\" target=\"_self\">Link para as fotos da sess\u00e3o</a></p>\r\n<p>As Sess\u00f5es ocorrem todas as ter\u00e7as-feiras, \u00e0 partir das 14 horas, e podem ser assistidas ao vivo na P\u00e1gina Oficial da C\u00e2mara no Facebook, (<a href=\"http://www.facebook.com/camarapg\">http://www.facebook.com/camarapg</a>).</p>", "author_name": "", "version": "1.0", "author_url": "https://acervo.praiagrande.sp.leg.br/author/lais", "provider_name": "C\u00e2mara Municipal da Est\u00e2ncia Balne\u00e1ria de Praia Grande", "type": "rich"}