{"provider_url": "https://acervo.praiagrande.sp.leg.br", "title": "37\u00b0 Sess\u00e3o Ordin\u00e1ria Espec\u00edfica", "html": "<p>37\u00b0. Sess\u00e3o Ordin\u00e1ria Espec\u00edfica</p>\r\n<p>Primeira discuss\u00e3o</p>\r\n<p>Ocorreu na data de hoje (09 de novembro), a 37\u00aa Sess\u00e3o Ordin\u00e1ria da 1\u00aa Sess\u00e3o Legislativa da 13\u00aa Legislatura, que discute sobre o or\u00e7amento Municipal.</p>\r\n<p>As Sess\u00f5es em que se discutem o or\u00e7amento Municipal s\u00e3o espec\u00edficas, contendo somente este item na pauta, conforme o Artigo 195, do regimento interno da C\u00e2mara.</p>\r\n<p>Aprovada a <a href=\"https://sapl.praiagrande.sp.leg.br/materia/6229\">Proposta de Emenda \u00e0 L.O. n\u00ba 2 de 2020</a>, de autoria do Vereador Roberto Andrade e Silva, apresentada na S\u00e9tima Sess\u00e3o Extraordin\u00e1ria, realizada no dia 30 de junho de 2020, que acrescenta o artigo 130-A \u00e0 Lei n\u00ba 681/90, tornou obrigat\u00f3ria a execu\u00e7\u00e3o da programa\u00e7\u00e3o or\u00e7ament\u00e1ria espec\u00edfica, atrav\u00e9s de emendas individuais apresentadas pelos Parlamentares.</p>\r\n<p>Foi aprovado em primeira discuss\u00e3o, o <a href=\"https://sapl.praiagrande.sp.leg.br/materia/7555\">Projeto de Lei n\u00ba 248 de 2021</a>, de autoria do Executivo Municipal, que estima a receita e fixa a despesa do Munic\u00edpio para o Exerc\u00edcio de 2022. (Lei Or\u00e7ament\u00e1ria Anual).</p>\r\n<p>O projeto aprovado em primeira discuss\u00e3o voltar\u00e1 ao plen\u00e1rio na 39\u00b0 Sess\u00e3o Ordin\u00e1ria Espec\u00edfica, para segunda e final discuss\u00e3o, e ap\u00f3s isso, ser\u00e1 encaminhado para a san\u00e7\u00e3o do Executivo Municipal.</p>\r\n<p>As Sess\u00f5es ocorrem todas as ter\u00e7as-feiras, \u00e0 partir das 14 horas, e podem ser assistidas ao vivo na P\u00e1gina Oficial da C\u00e2mara no Facebook, (<a href=\"http://www.facebook.com/camarapg\">http://www.facebook.com/camarapg</a>).</p>\r\n<p><a title=\"https://www.praiagrande.sp.leg.br/institucional/fotos/37deg-sessao-ordinaria-especifica/\" href=\"https://acervo.praiagrande.sp.leg.br/institucional/fotos/37deg-sessao-ordinaria-especifica/\" class=\"external-link\" target=\"_self\">Clique aqui para mais fotos da Sess\u00e3o</a></p>", "author_name": "", "version": "1.0", "author_url": "https://acervo.praiagrande.sp.leg.br/author/lais", "provider_name": "C\u00e2mara Municipal da Est\u00e2ncia Balne\u00e1ria de Praia Grande", "type": "rich"}