{"provider_url": "https://acervo.praiagrande.sp.leg.br", "title": "33\u00b0 Sess\u00e3o Ordin\u00e1ria ", "html": "<p>A Plen\u00e1ria realizou na tarde de hoje, 14 de outubro de 2021, a 33\u00b0 Sess\u00e3o Ordin\u00e1ria, que contou com 5 (cinco) Proposituras em sua Ordem do Dia, para a aprecia\u00e7\u00e3o e vota\u00e7\u00e3o dos Vereadores em Plen\u00e1rio, sendo 1 (uma) aprovada em primeira discuss\u00e3o e 4 (quatro) em discuss\u00e3o \u00fanica.</p>\r\n<p>O Projeto aprovado em primeira discuss\u00e3o foi:</p>\r\n<p><a href=\"https://sapl.praiagrande.sp.leg.br/materia/12556\">Projeto de Lei Complementar n\u00ba 25 de 2021</a>, de autoria do Executivo Municipal, que Substitui a categoria caricatura pela de desenho e estabelece a destina\u00e7\u00e3o das receitas especificadas ao Fundo Municipal da Cultura - FMC na Lei Complementar n\u00ba 860, de 10 de setembro de 2020, que Disciplina o \"Cal\u00e7ad\u00e3o das Artes\".</p>\r\n<p>Em discuss\u00e3o \u00fanica foram aprovados:</p>\r\n<p><a href=\"https://sapl.praiagrande.sp.leg.br/materia/13018\">Requerimento n\u00ba 444 de 2021</a>, de autoria do Vereador Whelliton Augusto Silva, que Requer seja enviado of\u00edcio com c\u00f3pia deste requerimento a Senhora Prefeita de Praia Grande Raquel Auxiliadora Chini, para que responda sobre a poss\u00edvel realiza\u00e7\u00e3o da Esta\u00e7\u00e3o Ver\u00e3o Show 2021/2022.</p>\r\n<p><a href=\"https://sapl.praiagrande.sp.leg.br/materia/13018\">Requerimento n\u00ba 443 de 2021</a>, de autoria do Vereador Whelliton Augusto Silva, que Requer seja enviado of\u00edcio com c\u00f3pia deste requerimento ao Procurador Geral de Justi\u00e7a, para que investigue poss\u00edveis irregularidades no processo de loca\u00e7\u00e3o de aluguel do pr\u00e9dio que abriga o Lar S\u00e3o Francisco de Assis.</p>\r\n<p><a href=\"https://sapl.praiagrande.sp.leg.br/materia/13158\">Mo\u00e7\u00e3o n\u00ba 47 de 2021</a>, de autoria do Vereador Rodrigo Penasso da Silva, de Aplausos aos funcion\u00e1rios da Secretaria Municipal de Habita\u00e7\u00e3o de Praia Grande, pelo excelente planejamento habitacional desenvolvido, tornando poss\u00edvel que as fam\u00edlias realizem o sonho da casa pr\u00f3pria.</p>\r\n<p><a href=\"https://sapl.praiagrande.sp.leg.br/materia/13158\">Mo\u00e7\u00e3o n\u00ba 48 de 2021</a>, de autoria do Vereador Paulo Cesar Monteiro Silveira, de Aplausos em comemora\u00e7\u00e3o ao Dia Nacional do Idoso e Dia Internacional da Terceira Idade.</p>\r\n<p>O projeto aprovado em primeira discuss\u00e3o voltar\u00e1 ao plen\u00e1rio na pr\u00f3xima sess\u00e3o, para segunda e final discuss\u00e3o, e ap\u00f3s isso, ser\u00e1 encaminhado para a san\u00e7\u00e3o do Executivo Municipal.</p>\r\n<p>A pr\u00f3xima Sess\u00e3o ocorrer\u00e1 na ter\u00e7a-feira, a partir das 14 horas, e poder\u00e1 ser assistida ao vivo na P\u00e1gina Oficial da C\u00e2mara no Facebook (http://www.facebook.com/camarapg) e no YouTube.Grande/featured).</p>\r\n<p><a class=\"external-link\" href=\"https://www.praiagrande.sp.leg.br/institucional/fotos/33deg-sessao-ordinaria/\" target=\"_self\" title=\"https://www.praiagrande.sp.leg.br/institucional/fotos/33deg-sessao-ordinaria/\">Clique aqui para mais fotos da Sess\u00e3o</a></p>", "author_name": "", "version": "1.0", "author_url": "https://acervo.praiagrande.sp.leg.br/author/lais", "provider_name": "C\u00e2mara Municipal da Est\u00e2ncia Balne\u00e1ria de Praia Grande", "type": "rich"}