{"provider_url": "https://acervo.praiagrande.sp.leg.br", "title": "32\u00aa Sess\u00e3o Ordin\u00e1ria ", "html": "<p><span>A Plen\u00e1ria desta ter\u00e7a-feira, dia 06 de outubro de 2020, contou com 4 (quatro) Proposituras em sua Ordem do Dia, para a aprecia\u00e7\u00e3o e vota\u00e7\u00e3o dos Vereadores em Plen\u00e1rio, sendo, 2 (duas) de discuss\u00e3o \u00fanica, uma em primeira discuss\u00e3o e uma em segunda discuss\u00e3o, todas aprovadas. </span></p>\r\n<p><span>O <a href=\"https://sapl.praiagrande.sp.leg.br/materia/7482\"><span>Requerimento n\u00ba 324 de 2020</span></a>, de autoria da Vereadora </span><span>Janaina Ballaris, que requer seja enviado of\u00edcio, com c\u00f3pia deste trabalho, ao Prefeito de Praia Grande, Alberto Pereira Mor\u00e3o, para que responda, qual o n\u00famero exato de escolas alugadas em nosso munic\u00edpio e por qual motivo ainda \u00e9 realizado o pagamento de aluguel das Escolas Municipais Roberto Mario Santini e Anahy Navarro Trov\u00e3o, foi aprovado em discuss\u00e3o \u00fanica.</span></p>\r\n<p><span>Foi aprovada em discuss\u00e3o \u00fanica, a <a href=\"https://sapl.praiagrande.sp.leg.br/materia/7478\"><span>Mo\u00e7\u00e3o de Aplausos n\u00ba 14 de 2020</span></a> <span>ao atleta de Jiu Jitsu, Matheus Fran\u00e7a Lagos pelos t\u00edtulos conquistados e pela participa\u00e7\u00e3o no Campeonato Mundial NO-GI onde conquistou o 3\u00ba Lugar, levando o nome de nossa cidade aos campeonatos, de autoria do Vereador Jo\u00e3o Alves Correa Neto.</span></span></p>\r\n<p><span>Em primeira discuss\u00e3o, foi aprovado o\u00a0<a href=\"https://sapl.praiagrande.sp.leg.br/materia/7370\"><span>Projeto de Lei n\u00ba 59 de 2020</span></a>, de autoria do Vereador </span><span>Hugulino Alves Ribeiro, que disp\u00f5e sobre a obrigatoriedade das locadoras de ve\u00edculo automotores disponibilizarem autom\u00f3veis adaptados para pessoas com defici\u00eancia ou mobilidade reduzida.<span> </span></span></p>\r\n<p><span>A\u00a0<a href=\"https://sapl.praiagrande.sp.leg.br/materia/7371\"><span>Proposta de Emenda \u00e0 L.O. n\u00ba 3 de 2020</span></a>, de autoria do Executivo Municipal, que <span>renumera o par\u00e1grafo \u00fanico e acrescenta o \u00a7 2\u00ba ao artigo 218 da Lei n\u00ba 681, de 6 de abril de 1990. (Lei Org\u00e2nica Municipal), foi aprovada em segunda discuss\u00e3o. </span></span></p>\r\n<p><span>O projeto aprovado em primeira discuss\u00e3o voltar\u00e1 ao plen\u00e1rio na pr\u00f3xima sess\u00e3o, para segunda e final discuss\u00e3o, e ap\u00f3s isso, ser\u00e1 encaminhado para a san\u00e7\u00e3o do Executivo.</span></p>\r\n<p><span>As Sess\u00f5es ocorrem todas as ter\u00e7as-feiras, \u00e0 partir das 10 horas, e podem ser assistidas ao vivo na P\u00e1gina Oficial da C\u00e2mara no Facebook, (<a href=\"http://www.facebook.com/camarapg\"><span>http://www.facebook.com/camarapg</span></a>).</span></p>\r\n<p><a class=\"external-link\" href=\"http://A Plen\u00e1ria desta ter\u00e7a-feira, dia 06 de outubro de 2020, contou com 4 (quatro) Proposituras em sua Ordem do Dia, para a aprecia\u00e7\u00e3o e vota\u00e7\u00e3o dos Vereadores em Plen\u00e1rio, sendo, 2 (duas) de discuss\u00e3o \u00fanica, uma em primeira discuss\u00e3o e uma em segunda discuss\u00e3o, todas aprovadas.  O Requerimento n\u00ba 324 de 2020, de autoria da Vereadora Janaina Ballaris, que requer seja enviado of\u00edcio, com c\u00f3pia deste trabalho, ao Prefeito de Praia Grande, Alberto Pereira Mor\u00e3o, para que responda, qual o n\u00famero exato de escolas alugadas em nosso munic\u00edpio e por qual motivo ainda \u00e9 realizado o pagamento de aluguel das Escolas Municipais Roberto Mario Santini e Anahy Navarro Trov\u00e3o, foi aprovado em discuss\u00e3o \u00fanica. Foi aprovada em discuss\u00e3o \u00fanica, a Mo\u00e7\u00e3o de Aplausos n\u00ba 14 de 2020 ao atleta de Jiu Jitsu, Matheus Fran\u00e7a Lagos pelos t\u00edtulos conquistados e pela participa\u00e7\u00e3o no Campeonato Mundial NO-GI onde conquistou o 3\u00ba Lugar, levando o nome de nossa cidade aos campeonatos, de autoria do Vereador Jo\u00e3o Alves Correa Neto. Em primeira discuss\u00e3o, foi aprovado o Projeto de Lei n\u00ba 59 de 2020, de autoria do Vereador Hugulino Alves Ribeiro, que disp\u00f5e sobre a obrigatoriedade das locadoras de ve\u00edculo automotores disponibilizarem autom\u00f3veis adaptados para pessoas com defici\u00eancia ou mobilidade reduzida.  A Proposta de Emenda \u00e0 L.O. n\u00ba 3 de 2020, de autoria do Executivo Municipal, que renumera o par\u00e1grafo \u00fanico e acrescenta o \u00a7 2\u00ba ao artigo 218 da Lei n\u00ba 681, de 6 de abril de 1990. (Lei Org\u00e2nica Municipal), foi aprovada em segunda discuss\u00e3o.  O projeto aprovado em primeira discuss\u00e3o voltar\u00e1 ao plen\u00e1rio na pr\u00f3xima sess\u00e3o, para segunda e final discuss\u00e3o, e ap\u00f3s isso, ser\u00e1 encaminhado para a san\u00e7\u00e3o do Executivo. As Sess\u00f5es ocorrem todas as ter\u00e7as-feiras, \u00e0 partir das 10 horas, e podem ser assistidas ao vivo na P\u00e1gina Oficial da C\u00e2mara no Facebook, (http://www.facebook.com/camarapg).\" target=\"_self\" title=\"A Plen\u00e1ria desta ter\u00e7a-feira, dia 06 de outubro de 2020, contou com 4 (quatro) Proposituras em sua Ordem do Dia, para a aprecia\u00e7\u00e3o e vota\u00e7\u00e3o dos Vereadores em Plen\u00e1rio, sendo, 2 (duas) de discuss\u00e3o \u00fanica, uma em primeira discuss\u00e3o e uma em segunda discuss\u00e3o, todas aprovadas.  O Requerimento n\u00ba 324 de 2020, de autoria da Vereadora Janaina Ballaris, que requer seja enviado of\u00edcio, com c\u00f3pia deste trabalho, ao Prefeito de Praia Grande, Alberto Pereira Mor\u00e3o, para que responda, qual o n\u00famero exato de escolas alugadas em nosso munic\u00edpio e por qual motivo ainda \u00e9 realizado o pagamento de aluguel das Escolas Municipais Roberto Mario Santini e Anahy Navarro Trov\u00e3o, foi aprovado em discuss\u00e3o \u00fanica. Foi aprovada em discuss\u00e3o \u00fanica, a Mo\u00e7\u00e3o de Aplausos n\u00ba 14 de 2020 ao atleta de Jiu Jitsu, Matheus Fran\u00e7a Lagos pelos t\u00edtulos conquistados e pela participa\u00e7\u00e3o no Campeonato Mundial NO-GI onde conquistou o 3\u00ba Lugar, levando o nome de nossa cidade aos campeonatos, de autoria do Vereador Jo\u00e3o Alves Correa Neto. Em primeira discuss\u00e3o, foi aprovado o Projeto de Lei n\u00ba 59 de 2020, de autoria do Vereador Hugulino Alves Ribeiro, que disp\u00f5e sobre a obrigatoriedade das locadoras de ve\u00edculo automotores disponibilizarem autom\u00f3veis adaptados para pessoas com defici\u00eancia ou mobilidade reduzida.  A Proposta de Emenda \u00e0 L.O. n\u00ba 3 de 2020, de autoria do Executivo Municipal, que renumera o par\u00e1grafo \u00fanico e acrescenta o \u00a7 2\u00ba ao artigo 218 da Lei n\u00ba 681, de 6 de abril de 1990. (Lei Org\u00e2nica Municipal), foi aprovada em segunda discuss\u00e3o.  O projeto aprovado em primeira discuss\u00e3o voltar\u00e1 ao plen\u00e1rio na pr\u00f3xima sess\u00e3o, para segunda e final discuss\u00e3o, e ap\u00f3s isso, ser\u00e1 encaminhado para a san\u00e7\u00e3o do Executivo. As Sess\u00f5es ocorrem todas as ter\u00e7as-feiras, \u00e0 partir das 10 horas, e podem ser assistidas ao vivo na P\u00e1gina Oficial da C\u00e2mara no Facebook, (http://www.facebook.com/camarapg).\">Clique aqui para mais fotos</a></p>", "author_name": "", "version": "1.0", "author_url": "https://acervo.praiagrande.sp.leg.br/author/lais", "provider_name": "C\u00e2mara Municipal da Est\u00e2ncia Balne\u00e1ria de Praia Grande", "type": "rich"}