{"provider_url": "https://acervo.praiagrande.sp.leg.br", "title": "30\u00aa Sess\u00e3o Ordin\u00e1ria", "html": "<p>Aberta a 30\u00b0 Sess\u00e3o Ordin\u00e1ria pelo Presidente da Casa de Leis, Marco Ant\u00f4nio de Souza, na tarde de hoje (21/09). A plen\u00e1ria contou com 3 (tr\u00eas) Proposituras em sua Ordem do Dia, para a aprecia\u00e7\u00e3o e vota\u00e7\u00e3o dos Vereadores, sendo todas aprovadas em discuss\u00e3o \u00fanica.</p>\r\n<p>Foram aprovadas em discuss\u00e3o \u00fanica:</p>\r\n<p><a href=\"https://sapl.praiagrande.sp.leg.br/materia/12429\">Mo\u00e7\u00e3o n\u00ba 34 de 2021</a>, de autoria do Vereador Paulo Cesar Monteiro Silveira, que apresenta Mo\u00e7\u00e3o de Rep\u00fadio \u00e0 edi\u00e7\u00e3o da Portaria SUP/DER-112-31/08/2021, pela \u00e1rea t\u00e9cnica do Departamento de Estradas e Rodagem (DER), que reduziu a velocidade de 80 km/h para 60 km/h na rodovia \"Via Expressa Sul\" em Praia Grande.</p>\r\n<p><a href=\"https://sapl.praiagrande.sp.leg.br/materia/12673\">Mo\u00e7\u00e3o n\u00ba 36 de 2021</a>, de autoria do Vereador Paulo Cesar Monteiro Silveira, que apresenta Mo\u00e7\u00e3o de Aplausos ao Grupo Depress\u00e3o Tem Cura - (DTC), criado pela Igreja Universal, representado pelo Pastor Maycon Leopoldo dos Santos Ara\u00fajo, pelo relevante trabalho social e espiritual desenvolvido.</p>\r\n<p><a href=\"https://sapl.praiagrande.sp.leg.br/materia/12674\">Mo\u00e7\u00e3o n\u00ba 37 de 2021</a>, de autoria do Vereador Rodrigo Ros\u00e1rio dos Santos, que apresenta Mo\u00e7\u00e3o de Apelo \u00e0 C\u00e2mara dos Deputados Federais e ao Senado, para que possa produzir mat\u00e9ria legislativa com o objetivo de flexibilizar o uso do FGTS.</p>\r\n<p>A pr\u00f3xima Sess\u00e3o ocorrer\u00e1 na pr\u00f3xima ter\u00e7a-feira, \u00e0s 14 horas. A Sess\u00e3o ter\u00e1 transmiss\u00e3o ao vivo na P\u00e1gina Oficial da C\u00e2mara no Facebook (<a href=\"http://www.facebook.com/camarapg\">http://www.facebook.com/camarapg</a>) e no YouTube (https://www.youtube.com/c/C%C3%A2maraMunicipaldePraiaGrande/featured)</p>\r\n<p>\u00a0</p>\r\n<p><a class=\"external-link\" href=\"https://www.praiagrande.sp.leg.br/institucional/fotos/30a-sessao-ordinaria-2/\" target=\"_self\" title=\"https://www.praiagrande.sp.leg.br/institucional/fotos/30a-sessao-ordinaria-2/\">Clique aqui para mais fotos da Sess\u00e3o</a></p>\r\n<p>\u00a0</p>\r\n<p>\u00a0</p>\r\n<p>\u00a0</p>", "author_name": "", "version": "1.0", "author_url": "https://acervo.praiagrande.sp.leg.br/author/lais", "provider_name": "C\u00e2mara Municipal da Est\u00e2ncia Balne\u00e1ria de Praia Grande", "type": "rich"}