{"provider_url": "https://acervo.praiagrande.sp.leg.br", "title": "30\u00aa Sess\u00e3o Ordin\u00e1ria", "html": "<p><span>Ocorreu na data de ontem (01 de outubro) a reuni\u00e3o semanal da C\u00e2mara Municipal de Praia Grande, que contou em sua pauta da Ordem do Dia com 2 proposituras para a aprecia\u00e7\u00e3o e vota\u00e7\u00e3o dos Vereadores em Plen\u00e1rio.</span></p>\r\n<p><span>Os projetos aprovados em primeira discuss\u00e3o foram:</span></p>\r\n<p><span>- <a href=\"https://sapl.praiagrande.sp.leg.br/media/sapl/public/materialegislativa/2019/3179/projeto_de_lei_complementar_no_20-2019.pdf\"><span>Projeto de lei n\u00ba 65/2019</span></a>, de autoria do Vereador e presidente da Casa Legislativa, </span><span>Ednaldo dos Santos Passos</span><span>, o Reco, que </span><span>isenta as pessoas cadastradas no Registro Nacional de Doadores Volunt\u00e1rios de Medula \u00d3ssea - REDOME de pagamento de taxa de inscri\u00e7\u00e3o para concursos p\u00fablicos no Munic\u00edpio de Praia Grande.</span><span></span></p>\r\n<p><span>-\u00a0<a href=\"https://sapl.praiagrande.sp.leg.br/materia/3322\"><span>Projeto de Lei n\u00ba 62 de 2019</span></a>, de autoria do vereador </span><span>Carlos Eduardo Barbosa<span>, o Cadu, que </span>disp\u00f5e sobre a instala\u00e7\u00e3o de c\u00e2meras de monitoramento de seguran\u00e7a nas creches e escolas p\u00fablicas municipais.<span></span></span></p>\r\n<p><span>Os projetos aprovados em primeira discuss\u00e3o voltar\u00e3o ao plen\u00e1rio na pr\u00f3xima sess\u00e3o, para segunda e final discuss\u00e3o, e ap\u00f3s isso, ser\u00e3o encaminhados para a san\u00e7\u00e3o do Executivo.</span></p>\r\n<p><span>As Sess\u00f5es ocorrem todas as ter\u00e7as-feiras, \u00e0 partir das 10 horas, e podem ser assistidas ao vivo na P\u00e1gina Oficial da C\u00e2mara no Facebook, (<a href=\"http://www.facebook.com/camarapg\"><span>http://www.facebook.com/camarapg</span></a>).</span></p>\r\n<p><span><br /></span></p>\r\n<p><a class=\"external-link\" href=\"http://www.praiagrande.sp.leg.br/institucional/fotos/30a-sessao-ordinaria/\" target=\"_self\" title=\"https://www.praiagrande.sp.leg.br/institucional/fotos/30a-sessao-ordinaria/\">MAIS FOTOS</a></p>", "author_name": "", "version": "1.0", "author_url": "https://acervo.praiagrande.sp.leg.br/author/lais", "provider_name": "C\u00e2mara Municipal da Est\u00e2ncia Balne\u00e1ria de Praia Grande", "type": "rich"}