{"provider_url": "https://acervo.praiagrande.sp.leg.br", "title": "2\u00ba Encontro Setembro Surdo", "html": "<p>Foi realizado na noite de ontem (29/09), no Plen\u00e1rio da C\u00e2mara Municipal de Praia Grande, o 2\u00ba Encontro Setembro Surdo, evento voltado para a conscientiza\u00e7\u00e3o\u00a0sobre a acessibilidade e a\u00a0comemora\u00e7\u00e3o das conquistas\u00a0obtidas ao longo dos anos pela comunidade surda. Setembro \u00e9 o m\u00eas escolhido para essa celebra\u00e7\u00e3o porque, dentre outros avan\u00e7os, \u00e9 o m\u00eas em que se comemora o Dia Nacional do Surdo, em 26/09.</p>\r\n<p>A Sess\u00e3o foi presidida e organizada pela vereadora Vera Ben\u00edcio. Tamb\u00e9m fizeram parte da Mesa Diretora, o vereador M\u00e1rcio Glauber; o professor de Teologia e instrutor de Libras, Luiz Carlos; o professor de Libras da Congrega\u00e7\u00e3o Santista de Surdos, Michell S\u00e9rgio Gomes; a Secret\u00e1ria da Congrega\u00e7\u00e3o Santista de Surdos, Adriana Dias Meireles; o presidente do Conselho Municipal da Pessoa com Defici\u00eancia, Devanir de Lima; e o subsecret\u00e1rio da Juventude de Praia Grande, Augusto Schel.</p>\r\n<p>A vereadora Vera Ben\u00edcio externou sua gratid\u00e3o e felicidade por poder presidir esse importante encontro de inclus\u00e3o e afirmou que n\u00e3o desistir\u00e1 dessa causa at\u00e9 o dia em que n\u00e3o sejam mais necess\u00e1rias lutas e conquistas. \u201cSei que as coisas v\u00e3o acontecer. O maior exemplo \u00e9 esta Casa de Leis, a primeira, ou talvez a \u00fanica, na Baixada Santista, a contar com int\u00e9rpretes de Libras inseridos no quadro de funcion\u00e1rios efetivos\u201d, declarou.</p>\r\n<p>\u00a0</p>\r\n<p><a class=\"external-link\" href=\"https://www.praiagrande.sp.leg.br/institucional/fotos/2o-encontro-setembro-surdo/\" target=\"_self\" title=\"https://www.praiagrande.sp.leg.br/institucional/fotos/2o-encontro-setembro-surdo/\">Clique aqui para mais fotos</a></p>", "author_name": "", "version": "1.0", "author_url": "https://acervo.praiagrande.sp.leg.br/author/artur", "provider_name": "C\u00e2mara Municipal da Est\u00e2ncia Balne\u00e1ria de Praia Grande", "type": "rich"}