{"provider_url": "https://acervo.praiagrande.sp.leg.br", "title": "2\u00b0 SESS\u00c3O ORDIN\u00c1RIA", "html": "<p>Foi realizada, na tarde desta ter\u00e7a-feira (14/02), a 2\u00aa Sess\u00e3o Ordin\u00e1ria da 3\u00aa Sess\u00e3o Legislativa do ano de 2023 da C\u00e2mara Municipal de Praia Grande. Na Ordem do Dia, foram votadas 2 (duas) proposituras, ambas em discuss\u00e3o \u00fanica:</p>\r\n<p>Foi aprovado:</p>\r\n<p>- Requerimento n\u00ba 17 de 2023, de autoria do vereador Rodrigo Ros\u00e1rio dos Santos, que requer \u00e0 mesa que seja enviado of\u00edcio \u00e0 Exma. Sra. Prefeita Raquel Auxiliadora Chini para que, junto ao setor competente, responda aos questionamentos acerca da carreira profissional dos Educadores de Desenvolvimento Infantojuvenis em nosso Munic\u00edpio.</p>\r\n<p>Foi rejeitado:</p>\r\n<p>- Requerimento n\u00ba 1 de 2023, de autoria do vereador Emerson Camargo dos Santos, que requer \u00e0 mesa que seja enviado of\u00edcio \u00e0 Exma. Sra. Prefeita Raquel Auxiliadora Chini para que junto \u00e0 secretaria competente apure e responda acerca de den\u00fancias referentes aos plant\u00f5es m\u00e9dicos e administrativos do P.S. Quietude e sobre \"acordos\" para que os servidores n\u00e3o tenham que cumprir as respectivas jornadas de trabalho.</p>\r\n<p>As Sess\u00f5es Ordin\u00e1rias s\u00e3o realizadas todas as ter\u00e7as-feiras, \u00e0s 14h, no Plen\u00e1rio da C\u00e2mara Municipal de Praia Grande e transmitidas ao vivo na P\u00e1gina Oficial da C\u00e2mara no Facebook (http://www.facebook.com/camarapg), no YouTube e TV Unisantos (canal fechado 12 e canal aberto 40.1).</p>\r\n<p>Homenagem. A C\u00e2mara de Praia Grande homenageou, na sess\u00e3o de hoje, o ex-vereador Jos\u00e9 Gama, que exerceu mandato na Casa Legislativa de 1977 a 1983, durante a 3\u00aa Legislatura. Gama recebeu das m\u00e3os do atual presidente da C\u00e2mara, vereador Marco Antonio de Souza, o Marquinho, um quadro com a foto de todos os parlamentares que desempenharam seus mandatos durante a 3\u00aa Legislatura.</p>\r\n<p>Mudan\u00e7as nas Comiss\u00f5es. Devido a uma altera\u00e7\u00e3o no Regimento Interno, aprovada na \u00faltima sess\u00e3o, foi necess\u00e1rio que se fizesse uma outra vota\u00e7\u00e3o para formar as comiss\u00f5es da Casa. Veja como ficou a nova composi\u00e7\u00e3o das Comiss\u00f5es Permanentes da C\u00e2mara de Praia Grande:<br />- Comiss\u00e3o de Justi\u00e7a e Reda\u00e7\u00e3o: Hugo Ribeiro, Renata Zabeu, Roberto de Andrade, Rodrigo Penasso e Vera Ben\u00edcio;<br />- Comiss\u00e3o de Finan\u00e7as e Or\u00e7amento: Hugo Ribeiro, Natanael de Oliveira, R\u00f4mulo Brasil, Serginho Sim e Vera Ben\u00edcio;<br />- Comiss\u00e3o de Obras e Servi\u00e7os P\u00fablicos: Hugo Ribeiro, Michele Quintas, Natanael de Oliveira, Roberto Andrade e R\u00f4mulo Brasil;<br />- Comiss\u00e3o de Educa\u00e7\u00e3o, Cultura, Esporte e Turismo: Gugu Mil Grau, M\u00e1rcio Alem\u00e3o, Paulo Monteiro, Renata Zabeu e Whelliton Silva;<br />- Comiss\u00e3o de Sa\u00fade e Assist\u00eancia Social: Francisco Ara\u00fajo, Renata Zabeu, Rodrigo Penasso, R\u00f4mulo Brasil e Vera Ben\u00edcio;<br />- Comiss\u00e3o de Metropoliza\u00e7\u00e3o e Meio Ambiente: Cadu Barbosa, Marcos Camara, Natanael de Oliveira, Paulo Monteiro e R\u00f4mulo Brasil;<br />- Comiss\u00e3o de Legisla\u00e7\u00e3o Participativa: Emerson Camargo, Jos\u00e9 Carlos dos Santos, M\u00e1rcio Alem\u00e3o, Michele Quintas e Renata Zabeu;<br />- Comiss\u00e3o de Seguran\u00e7a P\u00fablica: Hugo Ribeiro, Marcos Camara, R\u00f4mulo Brasil, Whelliton Silva e Jos\u00e9 Carlos Santos;<br />- Comiss\u00e3o de Prote\u00e7\u00e3o e Bem-Estar da Vida Animal: Cadu Barbosa, Hugo Ribeiro, Roberto Andrade, Rodrigo Ros\u00e1rio e R\u00f4mulo Brasil;<br />- Comiss\u00e3o de \u00c9tica e Decoro Parlamentar: Hugo Ribeiro, Marcos Camara, Roberto Andrade, Serginho Sim e Vera Ben\u00edcio.</p>\r\n<p><a title=\"https://www.praiagrande.sp.leg.br/institucional/fotos/2deg-sessao-ordinaria-2023/\" href=\"https://acervo.praiagrande.sp.leg.br/institucional/fotos/2deg-sessao-ordinaria-2023/\" class=\"external-link\" target=\"_self\">clique aqui para mais fotos da Sess\u00e3o\u00a0</a></p>", "author_name": "", "version": "1.0", "author_url": "https://acervo.praiagrande.sp.leg.br/author/lais", "provider_name": "C\u00e2mara Municipal da Est\u00e2ncia Balne\u00e1ria de Praia Grande", "type": "rich"}