{"provider_url": "https://acervo.praiagrande.sp.leg.br", "title": "2\u00aa Sess\u00e3o Ordin\u00e1ria ", "html": "<p><span>A Plen\u00e1ria desta ter\u00e7a-feira, dia 09 de fevereiro de 2021, contou com 7 (sete) Proposituras em sua Ordem do Dia, para a aprecia\u00e7\u00e3o e vota\u00e7\u00e3o dos Vereadores em Plen\u00e1rio, </span><span>sendo 2 (duas) aprovadas em discuss\u00e3o \u00fanica e 5 (cinco) de primeira discuss\u00e3o.<span></span></span></p>\r\n<p><span>O Vereador Hugulino Alves Ribeiro (PSDB), foi anunciado como o novo L\u00edder de Governo, sendo ele agora, o novo porta voz do Executivo Municipal de Praia Grande.</span></p>\r\n<p><span>Os projetos aprovados em primeira discuss\u00e3o foram: </span></p>\r\n<p><span><a href=\"https://sapl.praiagrande.sp.leg.br/materia/8225\"><span>Projeto de Lei n\u00ba 74 de 2020</span></a>, de autoria do Vereador </span><span>Roberto Andrade e Silva</span>, que declara de Utilidade P\u00fablica a Associa\u00e7\u00e3o Uni\u00e3o dos Pastores de Praia Grande (U.P.P.G.).</p>\r\n<p><span><a href=\"https://sapl.praiagrande.sp.leg.br/materia/8465\"><span>Projeto de Lei n\u00ba 3 de 2021</span></a>, de autoria do Vereador </span><span>Carlos Eduardo Barbosa</span>, que disp\u00f5e sobre a obrigatoriedade de instala\u00e7\u00e3o de cobertura sobre as cal\u00e7adas, em toda a extens\u00e3o da fachada dos estabelecimentos financeiros situados na Est\u00e2ncia Balne\u00e1ria de Praia Grande.</p>\r\n<p><span><a href=\"https://sapl.praiagrande.sp.leg.br/materia/8467\"><span>Projeto de Lei n\u00ba 4 de 2021</span></a>, de autoria do Vereador </span><span>Paulo Cesar Monteiro Silveira</span>, que fica estabelecido as Igrejas, os Templos Religiosos de qualquer culto e as Comunidades Mission\u00e1rias como \"atividade essencial\" no Munic\u00edpio de Praia Grande.</p>\r\n<p><span><a href=\"https://sapl.praiagrande.sp.leg.br/materia/8468\"><span>Projeto de Resolu\u00e7\u00e3o n\u00ba 1 de 2021</span></a>, de autoria do Vereador Jo\u00e3o Alves Correa Neto</span>, que altera o \u00a7 2\u00ba do artigo 4\u00ba da Resolu\u00e7\u00e3o n\u00ba 01, de 13 de fevereiro de 1980, que estabelece normas para a concess\u00e3o de \"T\u00edtulos de Cidad\u00e3o Praiagrandense\" e \"Cidad\u00e3o Em\u00e9rito\".</p>\r\n<p><span>Tamb\u00e9m foi aprovada em primeira discuss\u00e3o, a <a href=\"https://sapl.praiagrande.sp.leg.br/materia/8466\"><span>Proposta de Emenda \u00e0 L.O. n\u00ba 1 de 2021</span></a>, de autoria do Vereador <span>Rodrigo Ros\u00e1rio dos Santos</span>, que revoga o inciso III do artigo 49 da Lei n\u00ba 681, de 06 de abril de 1990.</span></p>\r\n<p><span>As Mo\u00e7\u00f5es aprovadas em discuss\u00e3o \u00fanica foram:</span></p>\r\n<p><span><a href=\"https://sapl.praiagrande.sp.leg.br/materia/8462\"><span>Mo\u00e7\u00e3o n\u00ba 1 de 2021</span></a>, de autoria do Vereador <span>Francisco de Araujo Lima Junior</span>, que apresenta Mo\u00e7\u00e3o de Rep\u00fadio ao Plano S\u00e3o Paulo de combate \u00e0 Pandemia de Covid-19, que reclassificou o Munic\u00edpio de Praia Grande para a Fase Vermelha.</span></p>\r\n<p><span><a href=\"https://sapl.praiagrande.sp.leg.br/materia/8463\"><span>Mo\u00e7\u00e3o n\u00ba 2 de 2021</span></a>, de autoria do Vereador Roberto Andrade e Silva</span>, que apresenta Mo\u00e7\u00e3o de Aplausos ao Sr. Andr\u00e9 Ursini, CEO do Complexo do Andaragu\u00e1, pelo in\u00edcio dos trabalhos de implanta\u00e7\u00e3o do empreendimento, podendo gerar um grande n\u00famero de empregos para nossa cidade, nas fases seguintes de implanta\u00e7\u00e3o.<span></span></p>\r\n<p><span>Os projetos aprovados em primeira discuss\u00e3o voltar\u00e3o ao plen\u00e1rio na pr\u00f3xima sess\u00e3o, para segunda e final discuss\u00e3o, e ap\u00f3s isso, ser\u00e1 encaminhada para a san\u00e7\u00e3o do Executivo.</span><span></span></p>\r\n<p><span>As Sess\u00f5es ocorrem todas as ter\u00e7as-feiras, \u00e0 partir das 10 horas, e podem ser assistidas ao vivo na P\u00e1gina Oficial da C\u00e2mara no Facebook, (<a href=\"http://www.facebook.com/camarapg\"><span>http://www.facebook.com/camarapg</span></a>).</span></p>\r\n<p><a title=\"https://www.praiagrande.sp.leg.br/institucional/fotos/2a-sessao-ordinaria\" href=\"https://acervo.praiagrande.sp.leg.br/institucional/fotos/2a-sessao-ordinaria\" class=\"external-link\" target=\"_self\">Clique aqui para mais fotos da Sess\u00e3o</a></p>", "author_name": "", "version": "1.0", "author_url": "https://acervo.praiagrande.sp.leg.br/author/lais", "provider_name": "C\u00e2mara Municipal da Est\u00e2ncia Balne\u00e1ria de Praia Grande", "type": "rich"}