{"provider_url": "https://acervo.praiagrande.sp.leg.br", "title": "29\u00b0 Sess\u00e3o Ordin\u00e1ria ", "html": "<p><span><span><span>Na tarde desta ter\u00e7a-feira (13/09), ocorreu a 29\u00aa Sess\u00e3o Ordin\u00e1ria da C\u00e2mara de Praia Grande. Na Ordem do Dia foram aprovadas duas proposituras em segunda discuss\u00e3o:</span></span></span><br /><br /><span><span><span><a href=\"https://sapl.praiagrande.sp.leg.br/materia/18544\" target=\"_blank\" data-saferedirecturl=\"https://www.google.com/url?q=https://sapl.praiagrande.sp.leg.br/materia/18544&amp;source=gmail&amp;ust=1663191938427000&amp;usg=AOvVaw0qTqm9nMxtYbqLkc6aXzDW\">Projeto de Lei n\u00ba 157 de 2022</a>, de autoria do vereador Emerson Camargo dos Santos, que disp\u00f5e sobre o agendamento telef\u00f4nico de consultas m\u00e9dicas para pacientes idosos e/ou com defici\u00eancias, previamente cadastrados nas unidades de sa\u00fade do munic\u00edpio de Praia Grande, e d\u00e1 outras provid\u00eancias;</span></span></span><br /><br /><span><span><span><a href=\"https://sapl.praiagrande.sp.leg.br/materia/18549\" target=\"_blank\" data-saferedirecturl=\"https://www.google.com/url?q=https://sapl.praiagrande.sp.leg.br/materia/18549&amp;source=gmail&amp;ust=1663191938427000&amp;usg=AOvVaw30G88OsK_A80UF2wCmvr5S\">Projeto de Lei n\u00ba 162 de 2022</a>, de autoria da vereadora Michele Correia Quintas dos Santos, que institui a Semana Municipal de Combate \u00e0 Viol\u00eancia Contra Mulher, no Munic\u00edpio de Praia Grande.</span></span></span><br /><br /><span><span><span>Tamb\u00e9m foi aprovado of\u00edcio enviado pelo executivo municipal, com o pedido de licen\u00e7a da prefeita, Rachel Chini, de 16/09 a 30/09, para tratamento de sa\u00fade. Nesse per\u00edodo, o atual presidente da C\u00e2mara, Marco Antonio de Souza, assumir\u00e1 a cadeira de prefeito de Praia Grande.</span></span></span><br /><br /><span><span><span>O vereador, mais conhecido como Marquinhos, disse que \u00e9 uma honra assumir o cargo e que dar\u00e1 continuidade \u00e0s a\u00e7\u00f5es e ao plano de governo da prefeita. \u201cVou dar aten\u00e7\u00e3o especial e minha colabora\u00e7\u00e3o principalmente \u00e0s \u00e1reas da Sa\u00fade e do tr\u00e2nsito\u201d, acrescentou.</span></span></span><br /><br /><span><span><span>O vereador R\u00f4mulo Brasil Rebou\u00e7as, atual vice-presidente da C\u00e2mara, assumir\u00e1 a presid\u00eancia da Casa de Leis durante o afastamento.</span></span></span></p>\r\n<p><a title=\"https://www.praiagrande.sp.leg.br/institucional/fotos/29deg-sessao-ordinaria-1/\" href=\"https://acervo.praiagrande.sp.leg.br/institucional/fotos/29deg-sessao-ordinaria-1/\" class=\"external-link\" target=\"_self\">Clique aqui para mais fotos</a></p>", "author_name": "", "version": "1.0", "author_url": "https://acervo.praiagrande.sp.leg.br/author/lais", "provider_name": "C\u00e2mara Municipal da Est\u00e2ncia Balne\u00e1ria de Praia Grande", "type": "rich"}