{"provider_url": "https://acervo.praiagrande.sp.leg.br", "title": "28\u00b0 SESS\u00c3O ORDIN\u00c1RIA ", "html": "<p>Foi realizada na tarde desta ter\u00e7a-feira (06/09), a 28\u00aa Sess\u00e3o Ordin\u00e1ria da C\u00e2mara Municipal de Praia Grande. Foram 3 (tr\u00eas) proposituras analisadas na Ordem do Dia.</p>\r\n<p><br />Em discuss\u00e3o \u00fanica, foi aprovado o Requerimento n\u00ba 371 de 2022, de autoria do vereador Hugulino Alves Ribeiro, que requer informa\u00e7\u00f5es \u00e0 Prefeita Municipal, junto ao setor competente, sobre a situa\u00e7\u00e3o atual dos pacientes necessitados de cirurgia de catarata em Praia Grande.</p>\r\n<p><br />Em segunda discuss\u00e3o, foi aprovado o Projeto de Lei n\u00ba 150 de 2022, de autoria do vereador Rodrigo Ros\u00e1rio dos Santos, que institui no Calend\u00e1rio Oficial do Munic\u00edpio de Praia Grande o dia dos Colecionadores, Atiradores e Ca\u00e7adores - CAC, a ser comemorado em 3 de agosto de cada ano.</p>\r\n<p><br />Em primeira discuss\u00e3o, foi aprovado o Projeto de Lei n\u00ba 157 de 2022, de autoria do vereador Emerson Camargo dos Santos, que disp\u00f5e sobre o agendamento telef\u00f4nico de consultas m\u00e9dicas para pacientes idosos e/ou com defici\u00eancias, previamente cadastrados nas unidades de sa\u00fade do munic\u00edpio de Praia Grande, e d\u00e1 outras provid\u00eancias.</p>\r\n<p><br />O projeto aprovado em primeira discuss\u00e3o voltar\u00e1 ao plen\u00e1rio na sess\u00e3o seguinte para segunda e final discuss\u00e3o. Ap\u00f3s isso, ser\u00e1 encaminhado para a san\u00e7\u00e3o do Executivo.</p>\r\n<p><br />As Sess\u00f5es Ordin\u00e1rias acontecem todas as ter\u00e7as-feiras, \u00e0s 14h, no Plen\u00e1rio da C\u00e2mara Municipal de Praia Grande e s\u00e3o transmitidas ao vivo na P\u00e1gina Oficial da C\u00e2mara no Facebook (http://www.facebook.com/camarapg), no YouTube e TV Unisantos (canal fechado 12 e canal aberto 40.1).</p>\r\n<p><a title=\"https://www.praiagrande.sp.leg.br/institucional/fotos/28deg-sessao-ordinaria-1/\" href=\"https://acervo.praiagrande.sp.leg.br/institucional/fotos/28deg-sessao-ordinaria-1/\" class=\"external-link\" target=\"_self\">Clique aqui para mais</a></p>", "author_name": "", "version": "1.0", "author_url": "https://acervo.praiagrande.sp.leg.br/author/lais", "provider_name": "C\u00e2mara Municipal da Est\u00e2ncia Balne\u00e1ria de Praia Grande", "type": "rich"}