{"provider_url": "https://acervo.praiagrande.sp.leg.br", "title": "28\u00b0 Sess\u00e3o Ordin\u00e1ria ", "html": "<p>Ocorreu na tarde de hoje (09 de setembro) a reuni\u00e3o semanal da C\u00e2mara Municipal de Praia Grande, que contou em sua pauta da Ordem do Dia com 7 (sete) proposituras para a aprecia\u00e7\u00e3o e vota\u00e7\u00e3o dos Vereadores em Plen\u00e1rio, 4 (quatro) aprovadas em segunda discuss\u00e3o e 3 (tr\u00eas) aprovadas em discuss\u00e3o \u00fanica.</p>\r\n<p>O Suplente do Partido Republicanos, Artur Pedro da Silva Junior, tomou posse do cargo de Vereador, substituindo a Vereadora Michele Quintas por 30 dias. \u00a0</p>\r\n<p>Os Projetos aprovados em segunda discuss\u00e3o foram:</p>\r\n<p><a href=\"https://sapl.praiagrande.sp.leg.br/materia/10398\">Projeto de Lei n\u00ba 91 de 2021</a>, de autoria do Vereador Carlos Eduardo Barbosa, que disp\u00f5e sobre a prescri\u00e7\u00e3o de medicamentos por profissionais m\u00e9dicos da rede p\u00fablica de sa\u00fade do Munic\u00edpio de Praia Grande.</p>\r\n<p><a href=\"https://sapl.praiagrande.sp.leg.br/materia/12055\">Projeto de Lei n\u00ba 182 de 2021</a>, de autoria do Vereador Francisco de Ara\u00fajo Lima Junior, que disp\u00f5e sobre a cria\u00e7\u00e3o do Projeto Volunt\u00e1rio \"Restaurante Amigo da Lei\" e d\u00e1 outras provid\u00eancias.</p>\r\n<p><a href=\"https://sapl.praiagrande.sp.leg.br/materia/12042\">Projeto de Resolu\u00e7\u00e3o n\u00ba 9 de 2021</a>, de autoria do Vereador Rodrigo Ros\u00e1rio dos Santos, que altera a reda\u00e7\u00e3o do Artigo 47, artigo 49 \u00a7 2\u00ba e artigo 56 da Resolu\u00e7\u00e3o n\u00ba 01/91.</p>\r\n<p><a href=\"https://sapl.praiagrande.sp.leg.br/materia/12043\">Projeto de Resolu\u00e7\u00e3o n\u00ba 10 de 2021</a>, de autoria do Vereador Rodrigo Ros\u00e1rio dos Santos, que substitui o anexo presente na Resolu\u00e7\u00e3o n\u00ba 01/19 e d\u00e1 outras provid\u00eancias.</p>\r\n<p>Foi aprovado em discuss\u00e3o \u00fanica, o <a href=\"https://sapl.praiagrande.sp.leg.br/materia/12078\">Veto Total n\u00ba 7 de 2021</a> ao Projeto de Lei n\u00ba 114/2021 que Declara de Utilidade P\u00fablica a Academia de Letras e Artes de Praia Grande (ALAPG), de autoria do Executivo Municipal.</p>\r\n<p>Em discuss\u00e3o \u00fanica foi aprovada a <a href=\"https://sapl.praiagrande.sp.leg.br/materia/12394\">Mo\u00e7\u00e3o de Aplausos n\u00ba 32 de 2021</a>, de autoria do Vereador Natanael Vieira de Oliveira, ao Sindicato dos Empregados no Com\u00e9rcio da Baixada Santista, por sua atua\u00e7\u00e3o em diversas \u00e1reas de interesse do trabalhador, como educa\u00e7\u00e3o justi\u00e7a social, negocia\u00e7\u00e3o e informa\u00e7\u00e3o.</p>\r\n<p>Em discuss\u00e3o \u00fanica foi aprovada a <a href=\"https://sapl.praiagrande.sp.leg.br/materia/12394\">Mo\u00e7\u00e3o de Aplausos n\u00ba 33 de 2021</a>, de autoria da Vereadora Vera Lucia Figueiredo Benicio, aos Corretores de Im\u00f3veis de Nosso Munic\u00edpio pelo seu dia, comemorado no dia 27 de agosto.</p>\r\n<p>A pr\u00f3xima Sess\u00e3o ocorrer\u00e1 na pr\u00f3xima ter\u00e7a-feira, \u00e0s 14 horas. A Sess\u00e3o ter\u00e1 transmiss\u00e3o ao vivo na P\u00e1gina Oficial da C\u00e2mara no Facebook (<a href=\"http://www.facebook.com/camarapg\">http://www.facebook.com/camarapg</a>) e no YouTube (https://www.youtube.com/c/C%C3%A2maraMunicipaldePraiaGrande/featured)</p>\r\n<p><a class=\"external-link\" href=\"https://www.praiagrande.sp.leg.br/institucional/fotos/28deg-sessao-ordinaria/\" target=\"_self\" title=\"https://www.praiagrande.sp.leg.br/institucional/fotos/28deg-sessao-ordinaria/\">Clique aqui para mais fotos da Sess\u00e3o</a></p>", "author_name": "", "version": "1.0", "author_url": "https://acervo.praiagrande.sp.leg.br/author/lais", "provider_name": "C\u00e2mara Municipal da Est\u00e2ncia Balne\u00e1ria de Praia Grande", "type": "rich"}