{"provider_url": "https://acervo.praiagrande.sp.leg.br", "title": "27\u00b0 SESS\u00c3O ORDIN\u00c1RIA ", "html": "<p>A Plen\u00e1ria desta ter\u00e7a-feira, dia 31 de agosto de 2021, contou com 8 (oito) Proposituras em sua Ordem do Dia, para a aprecia\u00e7\u00e3o e vota\u00e7\u00e3o dos Vereadores em Plen\u00e1rio, sendo 5 (cinco) aprovadas em primeira discuss\u00e3o e 3 (tr\u00eas) em discuss\u00e3o \u00fanica.</p>\r\n<p>Os Projetos aprovados em primeira discuss\u00e3o foram:</p>\r\n<p>Projeto de Resolu\u00e7\u00e3o n\u00ba 9 de 2021, de autoria do Vereador Rodrigo Ros\u00e1rio dos Santos, que altera a reda\u00e7\u00e3o do Artigo 47, artigo 49 \u00a7 2\u00ba e artigo 56 da Resolu\u00e7\u00e3o n\u00ba 01/91.</p>\r\n<p>Projeto de Resolu\u00e7\u00e3o n\u00ba 10 de 2021, de autoria do Vereador Rodrigo Ros\u00e1rio dos Santos, que Substitui o anexo presente na Resolu\u00e7\u00e3o n\u00ba 01/19 e d\u00e1 outras provid\u00eancias.</p>\r\n<p><a href=\"https://sapl.praiagrande.sp.leg.br/materia/10398\">Projeto de Lei n\u00ba 91 de 2021</a>, de autoria do Vereador Carlos Eduardo Barbosa, que disp\u00f5e sobre a prescri\u00e7\u00e3o de medicamentos por profissionais m\u00e9dicos da rede p\u00fablica de sa\u00fade do Munic\u00edpio de Praia Grande.</p>\r\n<p><a href=\"https://sapl.praiagrande.sp.leg.br/materia/12055\">Projeto de Lei n\u00ba 182 de 2021</a>, de autoria do Vereador Francisco de Ara\u00fajo Lima Junior, que disp\u00f5e sobre a cria\u00e7\u00e3o do Projeto Volunt\u00e1rio \"Restaurante Amigo da Lei\" e d\u00e1 outras provid\u00eancias.</p>\r\n<p><a href=\"https://sapl.praiagrande.sp.leg.br/materia/12085\">Projeto de Lei n\u00ba 187 de 2021</a>, de autoria do Vereador Marcos Rog\u00e9rio C\u00e2mara, que Institui no calend\u00e1rio do Munic\u00edpio da Est\u00e2ncia Balne\u00e1ria de Praia Grande, o Dia do Ma\u00e7om e d\u00e1 outras provid\u00eancias.</p>\r\n<p>Em discuss\u00e3o \u00fanica foi aprovada a <a href=\"https://sapl.praiagrande.sp.leg.br/materia/12127\">Mo\u00e7\u00e3o n\u00ba 31 de 2021</a> de aplausos \u00e0s empresas, Atacad\u00e3o, Assai, Extra Hipermercado, Lojas Caedu e Lojas C&amp;A, por fazerem a diferen\u00e7a propondo solu\u00e7\u00f5es pr\u00e1ticas e vi\u00e1veis visando a inclus\u00e3o de pessoas surdas na sociedade.</p>\r\n<p>Em discuss\u00e3o \u00fanica foi aprovado a <a href=\"https://sapl.praiagrande.sp.leg.br/materia/12077\">Previs\u00e3o Or\u00e7ament\u00e1ria n\u00ba 1 de 2021</a>, de autoria da Mesa Diretora, que elabora\u00e7\u00e3o da Previs\u00e3o Or\u00e7ament\u00e1ria da C\u00e2mara Municipal de Praia Grande, para o exerc\u00edcio de 2022.</p>\r\n<p>Foi aprovado em discuss\u00e3o \u00fanica, o <a href=\"https://sapl.praiagrande.sp.leg.br/materia/12044\">Projeto de Decreto Legislativo n\u00ba 19 de 2021</a>, de autoria do Vereador Marcio Glauber Vicente de Oliveira, que disp\u00f5e sobre a cria\u00e7\u00e3o do Programa Parlamento Jovem no \u00e2mbito da Escola do Legislativo e Cidadania da C\u00e2mara dos Vereadores de Praia Grande e d\u00e1 outras provid\u00eancias.</p>\r\n<p>Os projetos aprovados em primeira discuss\u00e3o voltar\u00e3o ao plen\u00e1rio na pr\u00f3xima sess\u00e3o, para segunda e final discuss\u00e3o, e ap\u00f3s isso, ser\u00e3o encaminhados para a san\u00e7\u00e3o do Executivo.</p>\r\n<p>A pr\u00f3xima Sess\u00e3o ocorrer\u00e1 na ter\u00e7a-feira, \u00e0 partir das 14 horas, e poder\u00e1 ser assistida ao vivo na P\u00e1gina Oficial da C\u00e2mara no Facebook (<a href=\"http://www.facebook.com/camarapg\">http://www.facebook.com/camarapg</a>) e no YouTube.</p>\r\n<p><a class=\"external-link\" href=\"https://www.praiagrande.sp.leg.br/institucional/fotos/27deg-sessao-ordinaria/\" target=\"_self\" title=\"https://www.praiagrande.sp.leg.br/institucional/fotos/27deg-sessao-ordinaria/\">clique aqui para mais fotos da sess\u00e3o</a></p>", "author_name": "", "version": "1.0", "author_url": "https://acervo.praiagrande.sp.leg.br/author/lais", "provider_name": "C\u00e2mara Municipal da Est\u00e2ncia Balne\u00e1ria de Praia Grande", "type": "rich"}