{"provider_url": "https://acervo.praiagrande.sp.leg.br", "title": "27\u00aa Sess\u00e3o Ordin\u00e1ria", "html": "<p><span>Iniciando o m\u00eas de setembro, foi transmitido ao vivo via </span><span>Facebook a </span><span>27\u00aa Sess\u00e3o Ordin\u00e1ria, que ocorreu hoje (dia 1\u00b0) \u00e0s 10 horas na C\u00e2mara Municipal de Praia Grande. </span><span>A Sess\u00e3o contou com 5 (cinco) proposituras <span>para a aprecia\u00e7\u00e3o e vota\u00e7\u00e3o dos Vereadores </span>em Plen\u00e1rio, </span><span>sendo uma aprovada em discuss\u00e3o \u00fanica, 3 (tr\u00eas) aprovadas em primeira discuss\u00e3o e uma reprovada em segunda discuss\u00e3o. </span></p>\r\n<p><span>Em discuss\u00e3o \u00fanica, foi aprovado o</span><span>\u00a0</span><a href=\"https://sapl.praiagrande.sp.leg.br/materia/7065\"><span>Requerimento n\u00ba 276 de 2020</span></a>, de autoria da Vereadora Janaina Ballaris, que requer \u00e0 Mesa Diretora da C\u00e2mara que o relat\u00f3rio final, elaborado pela Presidente da CEV Jana\u00edna Ballaris, seja enviado para a CEV para vota\u00e7\u00e3o sem a necessidade de aguardar mais prazo.</p>\r\n<p><span>Os projetos aprovados em primeira discuss\u00e3o foram: </span></p>\r\n<p><span><a href=\"https://sapl.praiagrande.sp.leg.br/materia/6971\"><span>Projeto de Lei Complementar n\u00ba 28 de 2020</span></a>, de autoria do Executivo Municipa</span>l, sendo ele, para disciplina o \"Cal\u00e7ad\u00e3o das Artes\" e adota outras provid\u00eancias.</p>\r\n<p><span><a href=\"https://sapl.praiagrande.sp.leg.br/materia/6965\"><span>Projeto de Lei n\u00ba 48 de 2020</span></a>, de autoria do Prefeito que <span>disp\u00f5e sobre a cria\u00e7\u00e3o de Conselho Municipal do Trabalho, Emprego e Renda e o Fundo Municipal do Trabalho e d\u00e1 outras provid\u00eancias.</span> </span></p>\r\n<p><span><a href=\"https://sapl.praiagrande.sp.leg.br/materia/7021\"><span>Projeto de Lei n\u00ba 49 de 2020</span></a>, de autoria tamb\u00e9m do Executivo Municipal, que <span>disp\u00f5e sobre autoriza\u00e7\u00e3o para abertura de Cr\u00e9dito Adicional Suplementar e a utiliza\u00e7\u00e3o dos institutos constitucionais da Transposi\u00e7\u00e3o e Transfer\u00eancia de dota\u00e7\u00f5es or\u00e7ament\u00e1rias no Or\u00e7amento vigente.</span></span></p>\r\n<p><span>Foi reprovado o <a href=\"https://sapl.praiagrande.sp.leg.br/materia/6860\"><span>Projeto de Lei n\u00ba 46 de 2020</span></a>, de autoria do Vereador Carlos Eduardo Barbosa</span>, que disp\u00f5e sobre proibi\u00e7\u00e3o de condu\u00e7\u00e3o de ve\u00edculos de tra\u00e7\u00e3o animal por menores de 18 (dezoito) anos no Munic\u00edpio de Praia Grande.</p>\r\n<p><span>Os projetos aprovados em primeira discuss\u00e3o voltar\u00e3o ao plen\u00e1rio na pr\u00f3xima sess\u00e3o, para segunda e final discuss\u00e3o, e ap\u00f3s isso, ser\u00e3o encaminhados para a san\u00e7\u00e3o do Executivo.</span></p>\r\n<p><span>A pr\u00f3xima Sess\u00e3o ocorrer\u00e1 na quarta-feira (09/09) \u00e0s 10 horas, e ser\u00e1 transmitida ao vivo na P\u00e1gina Oficial da C\u00e2mara no Facebook, (<a href=\"http://www.facebook.com/camarapg\"><span>http://www.facebook.com/camarapg</span></a>).</span></p>\r\n<p><a class=\"external-link\" href=\"https://www.praiagrande.sp.leg.br/institucional/fotos/27a-sessao-ordinaria/\" target=\"_self\" title=\"https://www.praiagrande.sp.leg.br/institucional/fotos/27a-sessao-ordinaria/\">Clique aqui para mais fotos da Sess\u00e3o</a></p>", "author_name": "", "version": "1.0", "author_url": "https://acervo.praiagrande.sp.leg.br/author/lais", "provider_name": "C\u00e2mara Municipal da Est\u00e2ncia Balne\u00e1ria de Praia Grande", "type": "rich"}