{"provider_url": "https://acervo.praiagrande.sp.leg.br", "title": "25\u00aa SESS\u00c3O ORDIN\u00c1RIA SER\u00c1 NO DIA 21/08", "html": "<p>A 25\u00aa Sess\u00e3o Ordin\u00e1ria do ano de 2023 da C\u00e2mara Municipal de Praia Grande ser\u00e1 realizada, excepcionalmente, na pr\u00f3xima segunda-feira, dia 21 de agosto, \u00e0s 10h00.</p>\r\n<p>O encontro ocorrer\u00e1 no Plen\u00e1rio da C\u00e2mara, Sala Emancipador Oswaldo Toschi, que fica na Pra\u00e7a Vereador Vital Muniz, 01 \u2013 Boqueir\u00e3o.</p>\r\n<p>As sess\u00f5es s\u00e3o abertas ao p\u00fablico e s\u00e3o transmitidas ao vivo na P\u00e1gina Oficial da C\u00e2mara no Facebook (http://www.facebook.com/camarapg), no YouTube, pela TV Unisantos (canal fechado 12 e canal aberto 40.1) e pela R\u00e1dio P\u00e9rola FM 104,9.</p>", "author_name": "", "version": "1.0", "author_url": "https://acervo.praiagrande.sp.leg.br/author/artur", "provider_name": "C\u00e2mara Municipal da Est\u00e2ncia Balne\u00e1ria de Praia Grande", "type": "rich"}