{"provider_url": "https://acervo.praiagrande.sp.leg.br", "title": "24\u00aa Sess\u00e3o Ordin\u00e1ria", "html": "<p><span>A Plen\u00e1ria desta ter\u00e7a-feira, dia 11 de agosto de 2020, contou com 5 (cinco) Proposituras em sua Ordem do Dia, para a aprecia\u00e7\u00e3o e vota\u00e7\u00e3o dos Vereadores em Plen\u00e1rio, sendo uma aprovada em discuss\u00e3o \u00fanica, 3 (tr\u00eas) de primeira discuss\u00e3o e uma aprovada em segunda discuss\u00e3o.</span></p>\r\n<p><span>De autoria do Vereador Eduardo P\u00e1dua Soares Jardim</span>, foi <span>aprovado em discuss\u00e3o \u00fanica a <a href=\"https://sapl.praiagrande.sp.leg.br/materia/4497\"><span>Mo\u00e7\u00e3o n\u00ba 46 de 2019</span></a> de Aplausos </span>ao judoca de Praia Grande, Carlos Leonardo Borges da Silva, pela participa\u00e7\u00e3o no Campeonato Mundial de Jud\u00f4 Veteranos, conquistando a s\u00e9tima coloca\u00e7\u00e3o.</p>\r\n<p><span>Em primeira discuss\u00e3o, foi aprovado o<span>\u00a0</span></span><span><a href=\"https://sapl.praiagrande.sp.leg.br/materia/6583\"><span>Projeto de Lei Complementar n\u00ba 24 de 2020</span></a>, de autoria do </span><span>Executivo Municipal, o Prefeito</span>, que Altera o artigo 39 da Lei Complementar n\u00ba 714, de 11 de dezembro de 2015, que \"Institui a Estrutura Organizacional e o Quadro de Pessoal da Prefeitura do Munic\u00edpio da Est\u00e2ncia Balne\u00e1ria de Praia Grande e adota provid\u00eancias correlata\", quanto a estrutura da Secretaria de Sa\u00fade P\u00fablica.</p>\r\n<p><span>Foi aprovado em primeira discuss\u00e3o, o <a href=\"https://sapl.praiagrande.sp.leg.br/materia/6584\"><span>Projeto de Lei Complementar n\u00ba 25 de 2020</span></a>, tamb\u00e9m de autoria do Executivo Municipal, que </span><span>Altera e acresce dispositivos \u00e0 Lei Complementar n\u00ba 606, de 09 de dezembro de 2011, que disp\u00f5e sobre a instala\u00e7\u00e3o e funcionamento de cemit\u00e9rios e adota provid\u00eancias correlatas.</span><span> </span></p>\r\n<p><span>O <a href=\"https://sapl.praiagrande.sp.leg.br/materia/6621\"><span>Projeto de Lei n\u00ba 38 de 2020</span></a>, de autoria do Vereador Carlos Eduardo Barbosa</span> (Cadu), tamb\u00e9m aprovado em primeira discuss\u00e3o, que pro\u00edbe no \u00e2mbito do Munic\u00edpio de Praia Grande o uso de correntes ou assemelhados em animais dom\u00e9sticos e domesticados, em resid\u00eancias, estabelecimentos comerciais, industriais, p\u00fablicos e vias p\u00fablicas, e da outras provid\u00eancias.</p>\r\n<p><span>Em segunda discuss\u00e3o, foi aprovado o\u00a0</span><a href=\"https://sapl.praiagrande.sp.leg.br/materia/6375\"><span>Projeto de Lei n\u00ba 32 de 2020</span></a>, de autoria do Vereador Hugulino Alves Ribeiro que institui o Dia Municipal do Paradesporto no \u00e2mbito do Munic\u00edpio de Praia Grande.</p>\r\n<p><span>Os projetos aprovados em primeira discuss\u00e3o voltar\u00e3o ao plen\u00e1rio na pr\u00f3xima sess\u00e3o, para segunda e final discuss\u00e3o, e ap\u00f3s isso, ser\u00e3o encaminhados para a san\u00e7\u00e3o do Executivo.</span></p>\r\n<p><span>As Sess\u00f5es ocorrem todas as ter\u00e7as-feiras, \u00e0 partir das 10 horas, e podem ser assistidas ao vivo na P\u00e1gina Oficial da C\u00e2mara no Facebook, (</span><a href=\"http://www.facebook.com/camarapg\"><span>http://www.facebook.com/camarapg</span></a><span>).</span></p>\r\n<p><a class=\"external-link\" href=\"https://www.praiagrande.sp.leg.br/institucional/fotos/24a-sessao-ordinaria/\" target=\"_self\" title=\"https://www.praiagrande.sp.leg.br/institucional/fotos/24a-sessao-ordinaria/\">\u00a0Clique aqui para mais fotos</a></p>", "author_name": "", "version": "1.0", "author_url": "https://acervo.praiagrande.sp.leg.br/author/lais", "provider_name": "C\u00e2mara Municipal da Est\u00e2ncia Balne\u00e1ria de Praia Grande", "type": "rich"}