{"provider_url": "https://acervo.praiagrande.sp.leg.br", "title": "23\u00b0. Sess\u00e3o Ordin\u00e1ria", "html": "<p><span>Foi realizado na data de hoje (04 de agosto), ap\u00f3s o recesso no m\u00eas de julho a reuni\u00e3o semanal da C\u00e2mara Municipal de Praia Grande, que contou em sua pauta da Ordem do Dia com 2 proposituras para a aprecia\u00e7\u00e3o e vota\u00e7\u00e3o dos Vereadores em Plen\u00e1rio, sendo uma aprovada em discuss\u00e3o \u00fanica e outra em primeira discuss\u00e3o.</span></p>\r\n<p><span>Em discuss\u00e3o \u00fanica foi aprov<span>ado o <a href=\"https://sapl.praiagrande.sp.leg.br/materia/6566\"><span>Requerimento n\u00ba 231 de 2020</span></a>, de autoria da Vereadora </span>Janaina Ballaris</span>, que requer seja enviado of\u00edcio ao Senhor Prefeito de Praia Grande, Alberto Pereira Mour\u00e3o, para que responda aos questionamentos a cerca da situa\u00e7\u00e3o dos transportadores escolares de Praia Grande, com rela\u00e7\u00e3o a renova\u00e7\u00e3o de alvar\u00e1 e a cobran\u00e7a de diversas taxas, neste per\u00edodo de pandemia.</p>\r\n<p><span>Em primeira discuss\u00e3o foi aprovado o <a href=\"https://sapl.praiagrande.sp.leg.br/materia/6375\"><span>Projeto de Lei n\u00ba 32 de 2020</span></a>, de autoria do Vereador <span>Hugulino Alves Ribeiro</span>, que institui o Dia Municipal do Paradesporto no \u00e2mbito do Munic\u00edpio de Praia Grande.</span></p>\r\n<p><span>O projeto aprovado em primeira discuss\u00e3o voltar\u00e1 ao plen\u00e1rio na pr\u00f3xima sess\u00e3o, para segunda e final discuss\u00e3o, e ap\u00f3s isso, ser\u00e1 encaminhada para a san\u00e7\u00e3o do Executivo.</span></p>\r\n<p><span>As Sess\u00f5es ocorrem todas as ter\u00e7as-feiras, \u00e0 partir das 10 horas, e podem ser assistidas ao vivo na P\u00e1gina Oficial da C\u00e2mara no Facebook, (</span><a href=\"http://www.facebook.com/camarapg\"><span>http://www.facebook.com/camarapg</span></a><span>).</span></p>\r\n<p><a class=\"external-link\" href=\"https://www.praiagrande.sp.leg.br/institucional/fotos/23deg-sessao-ordinaria/\" target=\"_self\" title=\"https://www.praiagrande.sp.leg.br/institucional/fotos/23deg-sessao-ordinaria/\">clique aqui para mais fotos da Sess\u00e3o</a></p>", "author_name": "", "version": "1.0", "author_url": "https://acervo.praiagrande.sp.leg.br/author/lais", "provider_name": "C\u00e2mara Municipal da Est\u00e2ncia Balne\u00e1ria de Praia Grande", "type": "rich"}